{"id":220523,"date":"2025-06-04T10:11:46","date_gmt":"2025-06-04T17:11:46","guid":{"rendered":"https:\/\/rnoticias.com.mx\/Portal\/?p=220523"},"modified":"2025-06-04T10:11:46","modified_gmt":"2025-06-04T17:11:46","slug":"invita-gobierno-de-sonora-a-registrarse-en-convocatoria-del-programa-fomentando-el-envejecimiento-activo-isaam","status":"publish","type":"post","link":"https:\/\/rnoticias.com.mx\/Portal\/2025\/06\/04\/invita-gobierno-de-sonora-a-registrarse-en-convocatoria-del-programa-fomentando-el-envejecimiento-activo-isaam\/","title":{"rendered":"Invita Gobierno de Sonora a registrarse en convocatoria del programa Fomentando el Envejecimiento Activo: ISAAM"},"content":{"rendered":"<p>Hermosillo, Sonora; 4 de junio de 2025.- Con el firme compromiso de generar pol\u00edticas p\u00fablicas que promuevan la cultura del envejecimiento y que est\u00e9n orientadas a favorecer que la poblaci\u00f3n adulta mayor del estado envejezca de manera digna, con bienestar, autonom\u00eda, independencia y pleno ejercicio de sus derechos, el Gobierno de Sonora, a trav\u00e9s del Instituto Sonorense para la Atenci\u00f3n de los Adultos Mayores (ISAAM) public\u00f3 la segunda convocatoria del programa \u201cFomentando el Envejecimiento Activo 2025\u201d.<\/p>\n<p>En esta etapa se beneficiar\u00e1 a 145 personas adultas mayores de todo el estado, quienes recibir\u00e1n un apoyo mensual de dos mil pesos durante tres meses (julio, agosto y septiembre), sumando un total de 435 apoyos econ\u00f3micos entregado.<\/p>\n<p>Las personas beneficiarias deciden qu\u00e9 clase dar y en qu\u00e9 horarios. Estas actividades pueden realizarse en los Centros de Desarrollo para Adultos Mayores (CEDAM) del ISAAM, en sus domicilios particulares, centros de cuidado para personas adultas mayores o en espacios p\u00fablicos.<\/p>\n<p>La titular del Instituto, Lic. Cedna Maviael J\u00e1quez Ortega, destac\u00f3 que con esta convocatoria se da cumplimiento a los compromisos del gobernador Alfonso Durazo.<\/p>\n<p>\u201cContribuimos a superar la vulnerabilidad de las personas adultas mayores a trav\u00e9s del ejercicio de sus derechos y el impulso de sus oportunidades y habilidades, con actividades que les permiten obtener un ingreso, mejorar su situaci\u00f3n econ\u00f3mica y calidad de vida\u201d, expres\u00f3.<\/p>\n<p>Para m\u00e1s informaci\u00f3n, pueden comunicarse a los tel\u00e9fonos de ISAAM: Hermosillo (6626) 512423; Cajeme (644) 335 4303; Agua Prieta (633) 331 1670.<\/p>\n<p>Deben cumplir con los siguientes requisitos:<\/p>\n<p>&#8211; Tener 60 a\u00f1os o m\u00e1s.<\/p>\n<p>&#8211; Llenar el formato de registro y propuesta de proyecto.<\/p>\n<p>&#8211; Anexar copia de identificaci\u00f3n oficial.<\/p>\n<p>&#8211; Anexar copia de constancia o documento oficial que avale estudios o preparaci\u00f3n (en caso de contar con este).<\/p>\n<p>El formato de registro y la propuesta de proyecto pueden descargarse en el sitio:<\/p>\n<p><a href=\"https:\/\/isaam.sonora.gob.mx\/atencion-a-programas\/Programa-Fomentando-el-Envejecimiento-Activo2025.html\" target=\"_blank\" rel=\"noopener\" data-saferedirecturl=\"https:\/\/www.google.com\/url?q=https:\/\/isaam.sonora.gob.mx\/atencion-a-programas\/Programa-Fomentando-el-Envejecimiento-Activo2025.html&amp;source=gmail&amp;ust=1749075311259000&amp;usg=AOvVaw2mxlUWonzUt2wgtCe20Wia\">https:\/\/isaam.sonora.gob.mx\/<wbr \/>atencion-a-programas\/Programa-<wbr \/>Fomentando-el-Envejecimiento-<wbr \/>Activo2025.html<\/a><\/p>\n","protected":false},"excerpt":{"rendered":"<p>Hermosillo, Sonora; 4 de junio de 2025.- Con el firme compromiso de generar pol\u00edticas p\u00fablicas que promuevan la cultura del envejecimiento y que est\u00e9n orientadas a favorecer que la poblaci\u00f3n adulta mayor del estado envejezca de manera digna, con bienestar, autonom\u00eda, independencia y pleno ejercicio de sus derechos, el Gobierno de Sonora, a trav\u00e9s del [&hellip;]<\/p>\n","protected":false},"author":2,"featured_media":220524,"comment_status":"closed","ping_status":"closed","sticky":false,"template":"","format":"standard","meta":{"footnotes":""},"categories":[12870,178],"tags":[12865,12869],"class_list":["post-220523","post","type-post","status-publish","format-standard","has-post-thumbnail","hentry","category-destacadas","category-local","tag-destacadas","tag-local"],"jetpack_featured_media_url":"https:\/\/rnoticias.com.mx\/Portal\/wp-content\/uploads\/2025\/06\/unnamed-1-7.jpg","amp_enabled":true,"_links":{"self":[{"href":"https:\/\/rnoticias.com.mx\/Portal\/wp-json\/wp\/v2\/posts\/220523","targetHints":{"allow":["GET"]}}],"collection":[{"href":"https:\/\/rnoticias.com.mx\/Portal\/wp-json\/wp\/v2\/posts"}],"about":[{"href":"https:\/\/rnoticias.com.mx\/Portal\/wp-json\/wp\/v2\/types\/post"}],"author":[{"embeddable":true,"href":"https:\/\/rnoticias.com.mx\/Portal\/wp-json\/wp\/v2\/users\/2"}],"replies":[{"embeddable":true,"href":"https:\/\/rnoticias.com.mx\/Portal\/wp-json\/wp\/v2\/comments?post=220523"}],"version-history":[{"count":1,"href":"https:\/\/rnoticias.com.mx\/Portal\/wp-json\/wp\/v2\/posts\/220523\/revisions"}],"predecessor-version":[{"id":220525,"href":"https:\/\/rnoticias.com.mx\/Portal\/wp-json\/wp\/v2\/posts\/220523\/revisions\/220525"}],"wp:featuredmedia":[{"embeddable":true,"href":"https:\/\/rnoticias.com.mx\/Portal\/wp-json\/wp\/v2\/media\/220524"}],"wp:attachment":[{"href":"https:\/\/rnoticias.com.mx\/Portal\/wp-json\/wp\/v2\/media?parent=220523"}],"wp:term":[{"taxonomy":"category","embeddable":true,"href":"https:\/\/rnoticias.com.mx\/Portal\/wp-json\/wp\/v2\/categories?post=220523"},{"taxonomy":"post_tag","embeddable":true,"href":"https:\/\/rnoticias.com.mx\/Portal\/wp-json\/wp\/v2\/tags?post=220523"}],"curies":[{"name":"wp","href":"https:\/\/api.w.org\/{rel}","templated":true}]}}