{"id":220517,"date":"2025-06-04T09:44:33","date_gmt":"2025-06-04T16:44:33","guid":{"rendered":"https:\/\/rnoticias.com.mx\/Portal\/?p=220517"},"modified":"2025-06-04T09:44:33","modified_gmt":"2025-06-04T16:44:33","slug":"henry-martin-e-hirving-lozano-quedan-fuera-por-lesion","status":"publish","type":"post","link":"https:\/\/rnoticias.com.mx\/Portal\/2025\/06\/04\/henry-martin-e-hirving-lozano-quedan-fuera-por-lesion\/","title":{"rendered":"Henry Mart\u00edn e Hirving Lozano quedan fuera por lesi\u00f3n"},"content":{"rendered":"<p>Las malas noticias han llegado a la concentraci\u00f3n de la\u00a0<strong>Selecci\u00f3n Mexicana<\/strong>, que este mi\u00e9rcoles ha reportado la baja de dos de sus elementos con miras a los juegos amistosos del\u00a0<strong>combinado azteca ante Suiza y Turqu\u00eda.<\/strong><\/p>\n<p>Mediante un comunicado, el equipo de Javier Aguirre oficializ\u00f3 la salida de sus atacantes Hirving Lozano y Henry Mart\u00edn, quienes, al presentar problemas m\u00e9dicos, no podr\u00e1n ser tomados en cuenta por el estratega para los siguientes partidos y la<strong>\u00a0Copa Oro.<\/strong><\/p>\n<p>En el caso de\u00a0<strong>Lozano<\/strong>, quien volvi\u00f3 a una convocatoria con el\u00a0<strong>Tricolor\u00a0<\/strong>tras varios meses de ausencia, se estableci\u00f3 que el motivo de su baja se debe a una lesi\u00f3n muscular en los isquiotibiales izquierdos, la cual le impide tener cualquier tipo de actividad.<\/p>\n<p>Sobre la situaci\u00f3n de\u00a0<strong>Henry Mart\u00edn<\/strong>, el texto a\u00f1ade que, tras una serie de estudios en la Ciudad de M\u00e9xico, el capit\u00e1n del Club Am\u00e9rica presenta un desgarro muscular en los isquiotibiales izquierdos, el cual tratar\u00e1 con los doctores de su instituci\u00f3n.<\/p>\n<p>Con la salida de ambos futbolistas, las opciones para el entrenador mexicano se han reducido, dejando como principales opciones a\u00a0<strong>Ra\u00fal Jim\u00e9nez, Santi Gimenez, \u00c1ngel Sep\u00falveda, Juli\u00e1n Qui\u00f1ones, Efra\u00edn \u00c1lvarez, Alexis Vega y C\u00e9sar Huerta.<\/strong><\/p>\n<p>&nbsp;<\/p>\n<p>El Universal<\/p>\n","protected":false},"excerpt":{"rendered":"<p>Las malas noticias han llegado a la concentraci\u00f3n de la\u00a0Selecci\u00f3n Mexicana, que este mi\u00e9rcoles ha reportado la baja de dos de sus elementos con miras a los juegos amistosos del\u00a0combinado azteca ante Suiza y Turqu\u00eda. Mediante un comunicado, el equipo de Javier Aguirre oficializ\u00f3 la salida de sus atacantes Hirving Lozano y Henry Mart\u00edn, quienes, [&hellip;]<\/p>\n","protected":false},"author":2,"featured_media":220518,"comment_status":"closed","ping_status":"closed","sticky":false,"template":"","format":"standard","meta":{"footnotes":""},"categories":[188,12870],"tags":[5231,12865],"class_list":["post-220517","post","type-post","status-publish","format-standard","has-post-thumbnail","hentry","category-deportes","category-destacadas","tag-deportes","tag-destacadas"],"jetpack_featured_media_url":"https:\/\/rnoticias.com.mx\/Portal\/wp-content\/uploads\/2025\/06\/Daniel-Reza-2025-06-04T101552.367.png","amp_enabled":true,"_links":{"self":[{"href":"https:\/\/rnoticias.com.mx\/Portal\/wp-json\/wp\/v2\/posts\/220517","targetHints":{"allow":["GET"]}}],"collection":[{"href":"https:\/\/rnoticias.com.mx\/Portal\/wp-json\/wp\/v2\/posts"}],"about":[{"href":"https:\/\/rnoticias.com.mx\/Portal\/wp-json\/wp\/v2\/types\/post"}],"author":[{"embeddable":true,"href":"https:\/\/rnoticias.com.mx\/Portal\/wp-json\/wp\/v2\/users\/2"}],"replies":[{"embeddable":true,"href":"https:\/\/rnoticias.com.mx\/Portal\/wp-json\/wp\/v2\/comments?post=220517"}],"version-history":[{"count":1,"href":"https:\/\/rnoticias.com.mx\/Portal\/wp-json\/wp\/v2\/posts\/220517\/revisions"}],"predecessor-version":[{"id":220519,"href":"https:\/\/rnoticias.com.mx\/Portal\/wp-json\/wp\/v2\/posts\/220517\/revisions\/220519"}],"wp:featuredmedia":[{"embeddable":true,"href":"https:\/\/rnoticias.com.mx\/Portal\/wp-json\/wp\/v2\/media\/220518"}],"wp:attachment":[{"href":"https:\/\/rnoticias.com.mx\/Portal\/wp-json\/wp\/v2\/media?parent=220517"}],"wp:term":[{"taxonomy":"category","embeddable":true,"href":"https:\/\/rnoticias.com.mx\/Portal\/wp-json\/wp\/v2\/categories?post=220517"},{"taxonomy":"post_tag","embeddable":true,"href":"https:\/\/rnoticias.com.mx\/Portal\/wp-json\/wp\/v2\/tags?post=220517"}],"curies":[{"name":"wp","href":"https:\/\/api.w.org\/{rel}","templated":true}]}}