{"id":220514,"date":"2025-06-04T09:05:16","date_gmt":"2025-06-04T16:05:16","guid":{"rendered":"https:\/\/rnoticias.com.mx\/Portal\/?p=220514"},"modified":"2025-06-04T09:05:16","modified_gmt":"2025-06-04T16:05:16","slug":"regresan-permiso-humanitario-a-nina-mexicana-en-los-eu","status":"publish","type":"post","link":"https:\/\/rnoticias.com.mx\/Portal\/2025\/06\/04\/regresan-permiso-humanitario-a-nina-mexicana-en-los-eu\/","title":{"rendered":"Regresan permiso humanitario a ni\u00f1a mexicana en los EU"},"content":{"rendered":"<p>Una ni\u00f1a mexicana de 4 a\u00f1os que recibe atenci\u00f3n m\u00e9dica vital en un hospital del sur de California obtuvo permiso para permanecer en Estados Unidos semanas despu\u00e9s de que las autoridades federales dijeran que podr\u00eda ser deportada, informaron el martes los abogados de su familia.<\/p>\n<p>El Departamento de Seguridad Nacional otorg\u00f3 a la ni\u00f1a y a su madre un permiso humanitario por un a\u00f1o para que pueda continuar con el tratamiento que ha estado recibiendo desde que lleg\u00f3 a la frontera entre Estados Unidos y M\u00e9xico en 2023, de acuerdo con una copia de una carta recibida por Rebecca Brown, abogada de la organizaci\u00f3n sin fines de lucro Public Counsel que representa a la familia.<\/p>\n<p>El Departamento de Seguridad Nacional no respondi\u00f3 de inmediato a un email en busca de comentarios.<\/p>\n<div id=\"eldia-4057117699\" class=\"eldia-contenido eldia-target\" data-eldia-trackid=\"1573641\" data-eldia-trackbid=\"1\"><\/div>\n<p>La familia de la menor se\u00f1al\u00f3 que en abril y mayo fueron notificados de que su permiso humanitario estaba siendo revocado y quedar\u00edan sujetos a un posible proceso de deportaci\u00f3n.<\/p>\n<h2 class=\"wp-block-heading\">Nueva pol\u00edtica<\/h2>\n<p>El gobierno del presidente Donald Trump ha presionado para desmantelar las pol\u00edticas del exmandatario Joe Biden que otorgaron estatus legal temporal a ciertos migrantes y les permitieron vivir legalmente en Estados Unidos, generalmente por dos a\u00f1os.<\/p>\n<p>Despu\u00e9s de llegar en 2023 a la frontera entre Estados Unidos y M\u00e9xico en compa\u00f1\u00eda de su madre, la ni\u00f1a fue llevada a un hospital y fue dada de alta una vez que se logr\u00f3 estabilizarla lo suficiente.<\/p>\n<p>&nbsp;<\/p>\n<p>AP<\/p>\n","protected":false},"excerpt":{"rendered":"<p>Una ni\u00f1a mexicana de 4 a\u00f1os que recibe atenci\u00f3n m\u00e9dica vital en un hospital del sur de California obtuvo permiso para permanecer en Estados Unidos semanas despu\u00e9s de que las autoridades federales dijeran que podr\u00eda ser deportada, informaron el martes los abogados de su familia. El Departamento de Seguridad Nacional otorg\u00f3 a la ni\u00f1a y [&hellip;]<\/p>\n","protected":false},"author":2,"featured_media":220515,"comment_status":"closed","ping_status":"closed","sticky":false,"template":"","format":"standard","meta":{"footnotes":""},"categories":[12870,182],"tags":[12865,12871],"class_list":["post-220514","post","type-post","status-publish","format-standard","has-post-thumbnail","hentry","category-destacadas","category-internacional","tag-destacadas","tag-internacional"],"jetpack_featured_media_url":"https:\/\/rnoticias.com.mx\/Portal\/wp-content\/uploads\/2025\/06\/big_j6qh0.png","amp_enabled":true,"_links":{"self":[{"href":"https:\/\/rnoticias.com.mx\/Portal\/wp-json\/wp\/v2\/posts\/220514","targetHints":{"allow":["GET"]}}],"collection":[{"href":"https:\/\/rnoticias.com.mx\/Portal\/wp-json\/wp\/v2\/posts"}],"about":[{"href":"https:\/\/rnoticias.com.mx\/Portal\/wp-json\/wp\/v2\/types\/post"}],"author":[{"embeddable":true,"href":"https:\/\/rnoticias.com.mx\/Portal\/wp-json\/wp\/v2\/users\/2"}],"replies":[{"embeddable":true,"href":"https:\/\/rnoticias.com.mx\/Portal\/wp-json\/wp\/v2\/comments?post=220514"}],"version-history":[{"count":1,"href":"https:\/\/rnoticias.com.mx\/Portal\/wp-json\/wp\/v2\/posts\/220514\/revisions"}],"predecessor-version":[{"id":220516,"href":"https:\/\/rnoticias.com.mx\/Portal\/wp-json\/wp\/v2\/posts\/220514\/revisions\/220516"}],"wp:featuredmedia":[{"embeddable":true,"href":"https:\/\/rnoticias.com.mx\/Portal\/wp-json\/wp\/v2\/media\/220515"}],"wp:attachment":[{"href":"https:\/\/rnoticias.com.mx\/Portal\/wp-json\/wp\/v2\/media?parent=220514"}],"wp:term":[{"taxonomy":"category","embeddable":true,"href":"https:\/\/rnoticias.com.mx\/Portal\/wp-json\/wp\/v2\/categories?post=220514"},{"taxonomy":"post_tag","embeddable":true,"href":"https:\/\/rnoticias.com.mx\/Portal\/wp-json\/wp\/v2\/tags?post=220514"}],"curies":[{"name":"wp","href":"https:\/\/api.w.org\/{rel}","templated":true}]}}