{"id":220511,"date":"2025-06-04T09:02:02","date_gmt":"2025-06-04T16:02:02","guid":{"rendered":"https:\/\/rnoticias.com.mx\/Portal\/?p=220511"},"modified":"2025-06-04T09:02:02","modified_gmt":"2025-06-04T16:02:02","slug":"vinculado-a-proceso-y-en-prision-preventiva-justificada-victor-manuel-n-por-el-delito-de-homicidio-en-grado-de-tentativa","status":"publish","type":"post","link":"https:\/\/rnoticias.com.mx\/Portal\/2025\/06\/04\/vinculado-a-proceso-y-en-prision-preventiva-justificada-victor-manuel-n-por-el-delito-de-homicidio-en-grado-de-tentativa\/","title":{"rendered":"Vinculado a proceso y en prisi\u00f3n preventiva justificada V\u00edctor Manuel &#8220;N&#8221; por el delito de homicidio en grado de tentativa"},"content":{"rendered":"<p>Cajeme, Sonora, 4 de junio de 2025.- La Fiscal\u00eda General de Justicia del Estado de Sonora (FGJES) obtuvo la vinculaci\u00f3n a proceso para V\u00edctor Manuel \u201cN\u201d, de 28 a\u00f1os de edad, se\u00f1alado como probable responsable del delito de homicidio calificado con premeditaci\u00f3n, alevos\u00eda y ventaja, en grado de tentativa.<\/p>\n<p>Los hechos por los que se le acusa ocurrieron aproximadamente a las 03:30 horas del 4 de mayo del a\u00f1o en curso, cuando el imputado se constituy\u00f3 frente a un domicilio ubicado en la colonia Villas del Palmar, en Ciudad Obreg\u00f3n.<\/p>\n<p>En ese lugar, atac\u00f3 sorpresivamente a la v\u00edctima identificada como Adolfo Uriel \u201cN\u201d, de 30 a\u00f1os de edad, utilizando un arma punzocortante tipo machete con el que le lanz\u00f3 diversos golpes dirigidos principalmente hacia la cabeza, caus\u00e1ndole lesiones punzocortantes graves.<\/p>\n<p>Aunque el imputado actu\u00f3 con intenci\u00f3n de privar de la vida a la v\u00edctima, no logr\u00f3 su cometido debido a que Adolfo Uriel \u201cN\u201d reaccion\u00f3 de forma evasiva, interponiendo su brazo para protegerse y posteriormente huyendo a toda carrera hasta refugiarse dentro de una vivienda.<\/p>\n<p>Durante la audiencia celebrada ante el Juez, el Ministerio P\u00fablico formul\u00f3 imputaci\u00f3n penal y se logr\u00f3 la vinculaci\u00f3n a proceso del imputado, as\u00ed mismo, se ratific\u00f3 la medida cautelar de prisi\u00f3n preventiva justificada y se fij\u00f3 un plazo de cuatro meses para el cierre de la investigaci\u00f3n complementaria.<\/p>\n<p>Este resultado refrenda el compromiso de la FGJES con la protecci\u00f3n de la vida humana, la persecuci\u00f3n de conductas violentas y el esclarecimiento de hechos delictivos mediante acciones legales firmes y transparentes.<\/p>\n","protected":false},"excerpt":{"rendered":"<p>Cajeme, Sonora, 4 de junio de 2025.- La Fiscal\u00eda General de Justicia del Estado de Sonora (FGJES) obtuvo la vinculaci\u00f3n a proceso para V\u00edctor Manuel \u201cN\u201d, de 28 a\u00f1os de edad, se\u00f1alado como probable responsable del delito de homicidio calificado con premeditaci\u00f3n, alevos\u00eda y ventaja, en grado de tentativa. Los hechos por los que se [&hellip;]<\/p>\n","protected":false},"author":2,"featured_media":220512,"comment_status":"closed","ping_status":"closed","sticky":false,"template":"","format":"standard","meta":{"footnotes":""},"categories":[12870,174],"tags":[12865,12873],"class_list":["post-220511","post","type-post","status-publish","format-standard","has-post-thumbnail","hentry","category-destacadas","category-estatal","tag-destacadas","tag-estatal"],"jetpack_featured_media_url":"https:\/\/rnoticias.com.mx\/Portal\/wp-content\/uploads\/2025\/06\/8a2f15d7-cb7a-41aa-bd09-adbfc392ed16.jpg","amp_enabled":true,"_links":{"self":[{"href":"https:\/\/rnoticias.com.mx\/Portal\/wp-json\/wp\/v2\/posts\/220511","targetHints":{"allow":["GET"]}}],"collection":[{"href":"https:\/\/rnoticias.com.mx\/Portal\/wp-json\/wp\/v2\/posts"}],"about":[{"href":"https:\/\/rnoticias.com.mx\/Portal\/wp-json\/wp\/v2\/types\/post"}],"author":[{"embeddable":true,"href":"https:\/\/rnoticias.com.mx\/Portal\/wp-json\/wp\/v2\/users\/2"}],"replies":[{"embeddable":true,"href":"https:\/\/rnoticias.com.mx\/Portal\/wp-json\/wp\/v2\/comments?post=220511"}],"version-history":[{"count":1,"href":"https:\/\/rnoticias.com.mx\/Portal\/wp-json\/wp\/v2\/posts\/220511\/revisions"}],"predecessor-version":[{"id":220513,"href":"https:\/\/rnoticias.com.mx\/Portal\/wp-json\/wp\/v2\/posts\/220511\/revisions\/220513"}],"wp:featuredmedia":[{"embeddable":true,"href":"https:\/\/rnoticias.com.mx\/Portal\/wp-json\/wp\/v2\/media\/220512"}],"wp:attachment":[{"href":"https:\/\/rnoticias.com.mx\/Portal\/wp-json\/wp\/v2\/media?parent=220511"}],"wp:term":[{"taxonomy":"category","embeddable":true,"href":"https:\/\/rnoticias.com.mx\/Portal\/wp-json\/wp\/v2\/categories?post=220511"},{"taxonomy":"post_tag","embeddable":true,"href":"https:\/\/rnoticias.com.mx\/Portal\/wp-json\/wp\/v2\/tags?post=220511"}],"curies":[{"name":"wp","href":"https:\/\/api.w.org\/{rel}","templated":true}]}}