{"id":220508,"date":"2025-06-04T09:00:32","date_gmt":"2025-06-04T16:00:32","guid":{"rendered":"https:\/\/rnoticias.com.mx\/Portal\/?p=220508"},"modified":"2025-06-04T09:00:32","modified_gmt":"2025-06-04T16:00:32","slug":"actuacion-de-agente-amic-en-ciudad-obregon-corresponde-a-diligencia-legal-fgjes","status":"publish","type":"post","link":"https:\/\/rnoticias.com.mx\/Portal\/2025\/06\/04\/actuacion-de-agente-amic-en-ciudad-obregon-corresponde-a-diligencia-legal-fgjes\/","title":{"rendered":"Actuaci\u00f3n de agente AMIC en Ciudad Obreg\u00f3n corresponde a diligencia legal: FGJES"},"content":{"rendered":"<p>Cajeme, Sonora, 4 de junio de 2025.- La Fiscal\u00eda General de Justicia del Estado de Sonora (FGJES) informa que el actuar de un agente de la Agencia Ministerial de Investigaci\u00f3n Criminal (AMIC), captado en un video difundido en una p\u00e1gina Facebook, corresponde a una diligencia legal y no a una intervenci\u00f3n irregular, como se insinu\u00f3 en dicha publicaci\u00f3n.<\/p>\n<p>Los hechos ocurrieron el pasado 3 de junio en la colonia Amaneceres, en Ciudad Obreg\u00f3n, donde el agente ministerial realizaba actos de investigaci\u00f3n dentro de una carpeta por el probable delito de despojo, debidamente ordenados por el Ministerio P\u00fablico.<\/p>\n<p>Al arribar a un domicilio, se identific\u00f3 plenamente ante los moradores y explic\u00f3 el motivo de su presencia, la cual consist\u00eda en solicitar, \u00fanicamente, los datos personas de las personas que habitaban el domicilio, actuando de forma desarmada y conforme a protocolo.<\/p>\n<p>Durante la diligencia, algunos vecinos comenzaron a grabar la escena, generando una interpretaci\u00f3n err\u00f3nea de los hechos; al sitio acudieron dos elementos de otra corporaci\u00f3n, a quienes tambi\u00e9n se explic\u00f3 la legalidad del procedimiento que se realizaba.<\/p>\n<p>La Fiscal\u00eda General de Justicia del Estado de Sonora reitera su compromiso con la legalidad, la transparencia y el respeto a los derechos humanos en todas sus actuaciones, y continuar\u00e1 desarrollando actos de investigaci\u00f3n que permitan la procuraci\u00f3n de justicia, en estricto apego a Derecho y bajo supervisi\u00f3n ministerial.<\/p>\n","protected":false},"excerpt":{"rendered":"<p>Cajeme, Sonora, 4 de junio de 2025.- La Fiscal\u00eda General de Justicia del Estado de Sonora (FGJES) informa que el actuar de un agente de la Agencia Ministerial de Investigaci\u00f3n Criminal (AMIC), captado en un video difundido en una p\u00e1gina Facebook, corresponde a una diligencia legal y no a una intervenci\u00f3n irregular, como se insinu\u00f3 [&hellip;]<\/p>\n","protected":false},"author":2,"featured_media":220509,"comment_status":"closed","ping_status":"closed","sticky":false,"template":"","format":"standard","meta":{"footnotes":""},"categories":[12870,174],"tags":[12865,12873],"class_list":["post-220508","post","type-post","status-publish","format-standard","has-post-thumbnail","hentry","category-destacadas","category-estatal","tag-destacadas","tag-estatal"],"jetpack_featured_media_url":"https:\/\/rnoticias.com.mx\/Portal\/wp-content\/uploads\/2025\/06\/431c3c9c-59e5-435a-9945-1da0876b0584.jpg","amp_enabled":true,"_links":{"self":[{"href":"https:\/\/rnoticias.com.mx\/Portal\/wp-json\/wp\/v2\/posts\/220508","targetHints":{"allow":["GET"]}}],"collection":[{"href":"https:\/\/rnoticias.com.mx\/Portal\/wp-json\/wp\/v2\/posts"}],"about":[{"href":"https:\/\/rnoticias.com.mx\/Portal\/wp-json\/wp\/v2\/types\/post"}],"author":[{"embeddable":true,"href":"https:\/\/rnoticias.com.mx\/Portal\/wp-json\/wp\/v2\/users\/2"}],"replies":[{"embeddable":true,"href":"https:\/\/rnoticias.com.mx\/Portal\/wp-json\/wp\/v2\/comments?post=220508"}],"version-history":[{"count":1,"href":"https:\/\/rnoticias.com.mx\/Portal\/wp-json\/wp\/v2\/posts\/220508\/revisions"}],"predecessor-version":[{"id":220510,"href":"https:\/\/rnoticias.com.mx\/Portal\/wp-json\/wp\/v2\/posts\/220508\/revisions\/220510"}],"wp:featuredmedia":[{"embeddable":true,"href":"https:\/\/rnoticias.com.mx\/Portal\/wp-json\/wp\/v2\/media\/220509"}],"wp:attachment":[{"href":"https:\/\/rnoticias.com.mx\/Portal\/wp-json\/wp\/v2\/media?parent=220508"}],"wp:term":[{"taxonomy":"category","embeddable":true,"href":"https:\/\/rnoticias.com.mx\/Portal\/wp-json\/wp\/v2\/categories?post=220508"},{"taxonomy":"post_tag","embeddable":true,"href":"https:\/\/rnoticias.com.mx\/Portal\/wp-json\/wp\/v2\/tags?post=220508"}],"curies":[{"name":"wp","href":"https:\/\/api.w.org\/{rel}","templated":true}]}}