{"id":220505,"date":"2025-06-04T08:59:35","date_gmt":"2025-06-04T15:59:35","guid":{"rendered":"https:\/\/rnoticias.com.mx\/Portal\/?p=220505"},"modified":"2025-06-04T08:59:35","modified_gmt":"2025-06-04T15:59:35","slug":"claudia-sheinbaum-reacciona-a-aumento-del-50-a-aranceles-de-acero-y-aluminio","status":"publish","type":"post","link":"https:\/\/rnoticias.com.mx\/Portal\/2025\/06\/04\/claudia-sheinbaum-reacciona-a-aumento-del-50-a-aranceles-de-acero-y-aluminio\/","title":{"rendered":"Claudia Sheinbaum reacciona a aumento del 50% a aranceles de acero y aluminio"},"content":{"rendered":"<p>La presidenta Claudia Sheinbaum calific\u00f3 como \u201c<strong><em>injusto<\/em><\/strong>\u201c,\u00a0<strong><em>\u201csin sustento legal\u201d<\/em><\/strong>\u00a0e\u00a0<strong><em>\u201cinsostenible\u201d<\/em><\/strong>\u00a0el decreto de su hom\u00f3logo de\u00a0<strong>Estados Unidos<\/strong>, Donald Trump, de aumentar del\u00a0<strong>25% a 50\u00a0<\/strong>a los aranceles a las importaciones de acero y aluminio a partir de hoy.<\/p>\n<p>Adelant\u00f3 que, de no llegar a un acuerdo con el gobierno de<strong>\u00a0Estados Unidos,\u00a0<\/strong>la pr\u00f3xima se anunciar\u00edan algunas medidas.<\/p>\n<p>La jefa del\u00a0<strong>Ejecutivo federal\u00a0<\/strong>inform\u00f3 que hoy por la ma\u00f1ana se reunir\u00e1 con representantes de las c\u00e1maras del acero y aluminio para enfrentar este anuncio y tomar medidas para fortalecer y proteger los empleos de trabajadores mexicanos.<\/p>\n<div id=\"eldia-3639540993\" class=\"eldia-contenido eldia-target\" data-eldia-trackid=\"1573641\" data-eldia-trackbid=\"1\"><\/div>\n<p>En conferencia de prensa matutina, la<strong>\u00a0Mandataria federal\u00a0<\/strong>afirm\u00f3 que esta medida por parte del gobierno de Estados Unidos es insostenible porque encarece todo.<\/p>\n<p><strong><em>\u201cEs una medida que consideramos injusta (\u2026) como lo hemos dicho varias veces, M\u00e9xico importa m\u00e1s de lo que exporta en acero y en aluminio; segundo, desde nuestra perceptiva no tiene sustento legal, porque hay un tratado comercial. No creemos que tenga sustento; y la otra es insostenible\u201d.<\/em><\/strong><\/p>\n<p><strong><em>\u201cNo estamos de acuerdo, no creemos que sea justa, ni sostenible porque encarece todo y esperamos llegar un acuerdo. Si no se logra, estaremos tambi\u00e9n anunciando algunas medidas que debemos tomar esencialmente para fortalecer y proteger los empleos, no es un asunto de venganza. No, es un asunto de protecci\u00f3n de nuestros empleos de nuestra empresas\u201d.<\/em><\/strong><\/p>\n<div class=\"stream-item stream-item-in-post stream-item-inline-post aligncenter\">\n<div class=\"stream-item-size\"><\/div>\n<\/div>\n<p>En Palacio Nacional, la Mandataria federal se\u00f1al\u00f3 que las medidas que vaya a implementar su gobierno no tendr\u00e1 que ver con una medida \u201c<strong><em>ojo por ojo\u201d<\/em><\/strong>, sino de protecci\u00f3n de la industria mexicana y los empleos de los trabajadores mexicano.<\/p>\n<p><strong><em>\u201cNo tiene que ver con un \u2018ojo por ojo\u2019, no, sino de la protecci\u00f3n de la industria y los empleos, es una medida de apoyo a la Industria del acero que tienen historia en M\u00e9xico enorme; a la Industria del aluminio y a los empleos que generan estas industrias que es muy importante\u201d.<\/em><\/strong><\/p>\n<p><strong><em>\u201cSi no se logra, pues estaremos anunciando tambi\u00e9n algunas medidas que tenemos que tomar necesariamente para fortalecer y proteger los empleos no es un asunto de venganza -en ingl\u00e9s le dicen `retaliation\u00b4- . No, es un asunto de protecci\u00f3n de nuestros empleos ir a nuestras empresas\u201d.<\/em><\/strong><\/p>\n<p>Inform\u00f3 que el secretario de Econom\u00eda (SE), Marcelo Ebrard tendr\u00e1 una reuni\u00f3n tanto con el secretario de Tratados Comerciales como con el secretario de Comercio en Estados Unidos\u00a0<strong><em>\u201cy si no hay un acuerdo, pues ya nosotros estar\u00edamos anunciando la pr\u00f3xima semana porque nuestra responsabilidad primero es proteger el empleo. a las y los trabajadores mexicanos\u201d.<\/em><\/strong><\/p>\n<p>&nbsp;<\/p>\n<p>El Universal<\/p>\n","protected":false},"excerpt":{"rendered":"<p>La presidenta Claudia Sheinbaum calific\u00f3 como \u201cinjusto\u201c,\u00a0\u201csin sustento legal\u201d\u00a0e\u00a0\u201cinsostenible\u201d\u00a0el decreto de su hom\u00f3logo de\u00a0Estados Unidos, Donald Trump, de aumentar del\u00a025% a 50\u00a0a los aranceles a las importaciones de acero y aluminio a partir de hoy. Adelant\u00f3 que, de no llegar a un acuerdo con el gobierno de\u00a0Estados Unidos,\u00a0la pr\u00f3xima se anunciar\u00edan algunas medidas. La jefa [&hellip;]<\/p>\n","protected":false},"author":2,"featured_media":220506,"comment_status":"closed","ping_status":"closed","sticky":false,"template":"","format":"standard","meta":{"footnotes":""},"categories":[12870,172],"tags":[12865,12874],"class_list":["post-220505","post","type-post","status-publish","format-standard","has-post-thumbnail","hentry","category-destacadas","category-nacional","tag-destacadas","tag-nacional"],"jetpack_featured_media_url":"https:\/\/rnoticias.com.mx\/Portal\/wp-content\/uploads\/2025\/06\/e915b6743404e5124969fbcea24708b6.jpg","amp_enabled":true,"_links":{"self":[{"href":"https:\/\/rnoticias.com.mx\/Portal\/wp-json\/wp\/v2\/posts\/220505","targetHints":{"allow":["GET"]}}],"collection":[{"href":"https:\/\/rnoticias.com.mx\/Portal\/wp-json\/wp\/v2\/posts"}],"about":[{"href":"https:\/\/rnoticias.com.mx\/Portal\/wp-json\/wp\/v2\/types\/post"}],"author":[{"embeddable":true,"href":"https:\/\/rnoticias.com.mx\/Portal\/wp-json\/wp\/v2\/users\/2"}],"replies":[{"embeddable":true,"href":"https:\/\/rnoticias.com.mx\/Portal\/wp-json\/wp\/v2\/comments?post=220505"}],"version-history":[{"count":1,"href":"https:\/\/rnoticias.com.mx\/Portal\/wp-json\/wp\/v2\/posts\/220505\/revisions"}],"predecessor-version":[{"id":220507,"href":"https:\/\/rnoticias.com.mx\/Portal\/wp-json\/wp\/v2\/posts\/220505\/revisions\/220507"}],"wp:featuredmedia":[{"embeddable":true,"href":"https:\/\/rnoticias.com.mx\/Portal\/wp-json\/wp\/v2\/media\/220506"}],"wp:attachment":[{"href":"https:\/\/rnoticias.com.mx\/Portal\/wp-json\/wp\/v2\/media?parent=220505"}],"wp:term":[{"taxonomy":"category","embeddable":true,"href":"https:\/\/rnoticias.com.mx\/Portal\/wp-json\/wp\/v2\/categories?post=220505"},{"taxonomy":"post_tag","embeddable":true,"href":"https:\/\/rnoticias.com.mx\/Portal\/wp-json\/wp\/v2\/tags?post=220505"}],"curies":[{"name":"wp","href":"https:\/\/api.w.org\/{rel}","templated":true}]}}