{"id":220499,"date":"2025-06-04T08:56:54","date_gmt":"2025-06-04T15:56:54","guid":{"rendered":"https:\/\/rnoticias.com.mx\/Portal\/?p=220499"},"modified":"2025-06-04T08:56:54","modified_gmt":"2025-06-04T15:56:54","slug":"gobierno-de-sonora-lanza-convocatoria-para-el-equipamiento-y-reequipamiento-de-comedores-escolares-2025","status":"publish","type":"post","link":"https:\/\/rnoticias.com.mx\/Portal\/2025\/06\/04\/gobierno-de-sonora-lanza-convocatoria-para-el-equipamiento-y-reequipamiento-de-comedores-escolares-2025\/","title":{"rendered":"Gobierno de Sonora lanza convocatoria para el equipamiento y reequipamiento de comedores escolares 2025"},"content":{"rendered":"<p>Hermosillo, Sonora; 4 de junio de 2025.\u2013 Cumpliendo con el compromiso del gobernador de Sonora, Alfonso Durazo Monta\u00f1o, de fortalecer el acceso a una alimentaci\u00f3n adecuada para ni\u00f1as, ni\u00f1os y adolescentes, el Gobierno de Sonora, a trav\u00e9s del Sistema para el Desarrollo Integral de la Familia del Estado de Sonora (DIF Sonora), lanz\u00f3 la Convocatoria 2025 para el Equipamiento y Reequipamiento de Comedores Escolares, dirigida a los 72 Sistemas DIF Municipales.<\/p>\n<p>Esta convocatoria tiene como objetivo apoyar a planteles escolares que operan el Programa de Alimentaci\u00f3n Escolar, principalmente en su modalidad caliente, mediante la entrega de equipamiento en especie: refrigeradores y estufas. Con ello, se busca mejorar las condiciones para la preparaci\u00f3n de alimentos saludables y seguros en espacios adecuados, fortaleciendo as\u00ed la nutrici\u00f3n de la poblaci\u00f3n escolar sujeta de asistencia social.<\/p>\n<p>Lizeth V\u00e1squez Ochoa, directora general del Sistema DIF Sonora, invit\u00f3 a las y los titulares de los Sistemas DIF Municipales a participar activamente en esta convocatoria para garantizar que m\u00e1s ni\u00f1as, ni\u00f1os y adolescentes cuenten con espacios dignos donde recibir una alimentaci\u00f3n nutritiva.<\/p>\n<p>\u201cUna alimentaci\u00f3n nutritiva y digna es fundamental para el desarrollo integral de nuestras ni\u00f1as y ni\u00f1os. A trav\u00e9s de esta convocatoria, buscamos garantizar espacios equipados donde puedan recibir diariamente una raci\u00f3n alimentaria que contribuya a su salud y aprendizaje\u201d, expres\u00f3.<\/p>\n<p>La recepci\u00f3n de propuestas estar\u00e1 abierta del 1 al 30 de junio de 2025, en las oficinas de la Coordinaci\u00f3n de Asistencia Alimentaria de DIF Sonora, en un horario de 8:00 a 15:00 horas. La documentaci\u00f3n deber\u00e1 entregarse de forma f\u00edsica, de acuerdo con los lineamientos establecidos en la convocatoria.<\/p>\n<p>Los resultados de las propuestas seleccionadas se publicar\u00e1n el 1 de agosto de 2025 en la p\u00e1gina oficial de DIF Sonora:\u00a0<a href=\"https:\/\/dif.sonora.gob.mx\/\" target=\"_blank\" rel=\"noopener\" data-saferedirecturl=\"https:\/\/www.google.com\/url?q=https:\/\/dif.sonora.gob.mx&amp;source=gmail&amp;ust=1749075311280000&amp;usg=AOvVaw38FEKUoY9gfpVaceH5CauY\">https:\/\/dif.sonora.gob.mx<\/a>. Para m\u00e1s informaci\u00f3n, pueden comunicarse al tel\u00e9fono (662) 109 2600 ext. 212 y 229.<\/p>\n","protected":false},"excerpt":{"rendered":"<p>Hermosillo, Sonora; 4 de junio de 2025.\u2013 Cumpliendo con el compromiso del gobernador de Sonora, Alfonso Durazo Monta\u00f1o, de fortalecer el acceso a una alimentaci\u00f3n adecuada para ni\u00f1as, ni\u00f1os y adolescentes, el Gobierno de Sonora, a trav\u00e9s del Sistema para el Desarrollo Integral de la Familia del Estado de Sonora (DIF Sonora), lanz\u00f3 la Convocatoria [&hellip;]<\/p>\n","protected":false},"author":2,"featured_media":220500,"comment_status":"closed","ping_status":"closed","sticky":false,"template":"","format":"standard","meta":{"footnotes":""},"categories":[12870,178],"tags":[12865,12869],"class_list":["post-220499","post","type-post","status-publish","format-standard","has-post-thumbnail","hentry","category-destacadas","category-local","tag-destacadas","tag-local"],"jetpack_featured_media_url":"https:\/\/rnoticias.com.mx\/Portal\/wp-content\/uploads\/2025\/06\/unnamed-1-6.jpg","amp_enabled":true,"_links":{"self":[{"href":"https:\/\/rnoticias.com.mx\/Portal\/wp-json\/wp\/v2\/posts\/220499","targetHints":{"allow":["GET"]}}],"collection":[{"href":"https:\/\/rnoticias.com.mx\/Portal\/wp-json\/wp\/v2\/posts"}],"about":[{"href":"https:\/\/rnoticias.com.mx\/Portal\/wp-json\/wp\/v2\/types\/post"}],"author":[{"embeddable":true,"href":"https:\/\/rnoticias.com.mx\/Portal\/wp-json\/wp\/v2\/users\/2"}],"replies":[{"embeddable":true,"href":"https:\/\/rnoticias.com.mx\/Portal\/wp-json\/wp\/v2\/comments?post=220499"}],"version-history":[{"count":1,"href":"https:\/\/rnoticias.com.mx\/Portal\/wp-json\/wp\/v2\/posts\/220499\/revisions"}],"predecessor-version":[{"id":220501,"href":"https:\/\/rnoticias.com.mx\/Portal\/wp-json\/wp\/v2\/posts\/220499\/revisions\/220501"}],"wp:featuredmedia":[{"embeddable":true,"href":"https:\/\/rnoticias.com.mx\/Portal\/wp-json\/wp\/v2\/media\/220500"}],"wp:attachment":[{"href":"https:\/\/rnoticias.com.mx\/Portal\/wp-json\/wp\/v2\/media?parent=220499"}],"wp:term":[{"taxonomy":"category","embeddable":true,"href":"https:\/\/rnoticias.com.mx\/Portal\/wp-json\/wp\/v2\/categories?post=220499"},{"taxonomy":"post_tag","embeddable":true,"href":"https:\/\/rnoticias.com.mx\/Portal\/wp-json\/wp\/v2\/tags?post=220499"}],"curies":[{"name":"wp","href":"https:\/\/api.w.org\/{rel}","templated":true}]}}