{"id":220487,"date":"2025-06-04T08:36:17","date_gmt":"2025-06-04T15:36:17","guid":{"rendered":"https:\/\/rnoticias.com.mx\/Portal\/?p=220487"},"modified":"2025-06-04T08:36:17","modified_gmt":"2025-06-04T15:36:17","slug":"gobierno-de-sonora-fortalece-servicios-medicos-de-isssteson-en-cajeme-con-nuevos-especialistas","status":"publish","type":"post","link":"https:\/\/rnoticias.com.mx\/Portal\/2025\/06\/04\/gobierno-de-sonora-fortalece-servicios-medicos-de-isssteson-en-cajeme-con-nuevos-especialistas\/","title":{"rendered":"Gobierno de Sonora fortalece servicios m\u00e9dicos de Isssteson en Cajeme con nuevos especialistas"},"content":{"rendered":"<p>Hermosillo, Sonora; 4 de junio de 2025.- El Gobierno de Sonora, a trav\u00e9s del Instituto de Seguridad y Servicios Sociales de los Trabajadores del Estado de Sonora (Isssteson), fortalece la atenci\u00f3n m\u00e9dica en Ciudad Obreg\u00f3n con la incorporaci\u00f3n de cinco nuevos especialistas al Hospital \u201cLic. Adolfo L\u00f3pez Mateos\u201d, en beneficio de m\u00e1s de 23 mil derechohabientes de la regi\u00f3n.<\/p>\n<p>Se integran m\u00e9dicos en las especialidades de Urolog\u00eda, Neurolog\u00eda, Psiquiatr\u00eda, Medicina Interna y Fisioterapia, quienes ya iniciaron labores y se suman a los casi 60 especialistas con los que ya cuenta Isssteson en Cajeme.<\/p>\n<p>Este avance es resultado del compromiso del gobernador Alfonso Durazo Monta\u00f1o por fortalecer la atenci\u00f3n m\u00e9dica en el estado, especialmente en aquellas \u00e1reas donde durante a\u00f1os no se hab\u00edan impulsado acciones concretas de mejora, as\u00ed como del trabajo encabezado por el director general del Instituto, Luis Alonso Osuna Cota.<\/p>\n<p>Actualmente, Isssteson en Ciudad Obreg\u00f3n ofrece atenci\u00f3n en especialidades como ortopedia, ginecolog\u00eda y obstetricia, pediatr\u00eda, cardiolog\u00eda de adultos y pedi\u00e1trica, oncolog\u00eda, nefrolog\u00eda, urgenciolog\u00eda, epidemiolog\u00eda, medicina interna, fisioterapia, salud ocupacional, entre otras.<\/p>\n","protected":false},"excerpt":{"rendered":"<p>Hermosillo, Sonora; 4 de junio de 2025.- El Gobierno de Sonora, a trav\u00e9s del Instituto de Seguridad y Servicios Sociales de los Trabajadores del Estado de Sonora (Isssteson), fortalece la atenci\u00f3n m\u00e9dica en Ciudad Obreg\u00f3n con la incorporaci\u00f3n de cinco nuevos especialistas al Hospital \u201cLic. Adolfo L\u00f3pez Mateos\u201d, en beneficio de m\u00e1s de 23 mil [&hellip;]<\/p>\n","protected":false},"author":2,"featured_media":220488,"comment_status":"closed","ping_status":"closed","sticky":false,"template":"","format":"standard","meta":{"footnotes":""},"categories":[12870,174],"tags":[12865,12873],"class_list":["post-220487","post","type-post","status-publish","format-standard","has-post-thumbnail","hentry","category-destacadas","category-estatal","tag-destacadas","tag-estatal"],"jetpack_featured_media_url":"https:\/\/rnoticias.com.mx\/Portal\/wp-content\/uploads\/2025\/06\/unnamed-2-2.jpg","amp_enabled":true,"_links":{"self":[{"href":"https:\/\/rnoticias.com.mx\/Portal\/wp-json\/wp\/v2\/posts\/220487","targetHints":{"allow":["GET"]}}],"collection":[{"href":"https:\/\/rnoticias.com.mx\/Portal\/wp-json\/wp\/v2\/posts"}],"about":[{"href":"https:\/\/rnoticias.com.mx\/Portal\/wp-json\/wp\/v2\/types\/post"}],"author":[{"embeddable":true,"href":"https:\/\/rnoticias.com.mx\/Portal\/wp-json\/wp\/v2\/users\/2"}],"replies":[{"embeddable":true,"href":"https:\/\/rnoticias.com.mx\/Portal\/wp-json\/wp\/v2\/comments?post=220487"}],"version-history":[{"count":1,"href":"https:\/\/rnoticias.com.mx\/Portal\/wp-json\/wp\/v2\/posts\/220487\/revisions"}],"predecessor-version":[{"id":220489,"href":"https:\/\/rnoticias.com.mx\/Portal\/wp-json\/wp\/v2\/posts\/220487\/revisions\/220489"}],"wp:featuredmedia":[{"embeddable":true,"href":"https:\/\/rnoticias.com.mx\/Portal\/wp-json\/wp\/v2\/media\/220488"}],"wp:attachment":[{"href":"https:\/\/rnoticias.com.mx\/Portal\/wp-json\/wp\/v2\/media?parent=220487"}],"wp:term":[{"taxonomy":"category","embeddable":true,"href":"https:\/\/rnoticias.com.mx\/Portal\/wp-json\/wp\/v2\/categories?post=220487"},{"taxonomy":"post_tag","embeddable":true,"href":"https:\/\/rnoticias.com.mx\/Portal\/wp-json\/wp\/v2\/tags?post=220487"}],"curies":[{"name":"wp","href":"https:\/\/api.w.org\/{rel}","templated":true}]}}