{"id":220484,"date":"2025-06-04T08:35:14","date_gmt":"2025-06-04T15:35:14","guid":{"rendered":"https:\/\/rnoticias.com.mx\/Portal\/?p=220484"},"modified":"2025-06-04T08:35:14","modified_gmt":"2025-06-04T15:35:14","slug":"gobierno-de-sonora-inicia-registro-para-terapias-asistidas-con-delfines","status":"publish","type":"post","link":"https:\/\/rnoticias.com.mx\/Portal\/2025\/06\/04\/gobierno-de-sonora-inicia-registro-para-terapias-asistidas-con-delfines\/","title":{"rendered":"Gobierno de Sonora inicia registro para terapias asistidas con delfines"},"content":{"rendered":"<p>Hermosillo, Sonora; 4 de junio de 2025.- Con el objetivo de brindar atenci\u00f3n terap\u00e9utica especializada a personas con discapacidad, el Gobierno de Sonora impulsa, a trav\u00e9s de la Comisi\u00f3n de Ecolog\u00eda y Desarrollo Sustentable del Estado de Sonora (CEDES) y el Sistema DIF Sonora, un programa de Terapias F\u00edsicas Asistidas con Delfines, dirigido a ni\u00f1as, ni\u00f1os y adolescentes con discapacidad.<\/p>\n<p>Este lunes inici\u00f3 la recepci\u00f3n de solicitudes para participar en el programa gratuito de terapia asistida con delfines, dirigido a personas con discapacidad intelectual por s\u00edndrome de Down, par\u00e1lisis cerebral infantil y trastorno del espectro autista (TEA).<\/p>\n<p>Dicho programa tiene como prop\u00f3sito estimular \u00e1reas cognitivas, emocionales y psicomotoras, al tiempo que fortalece la autoestima, la interacci\u00f3n social y el v\u00ednculo terap\u00e9utico mediante el contacto con delfines entrenados.<\/p>\n<p>Esta acci\u00f3n forma parte de la pol\u00edtica estatal de inclusi\u00f3n y bienestar hacia las personas con discapacidad. Se brindar\u00e1n 300 terapias, cada una conformada por cuatro sesiones, dirigidas a personas beneficiarias previamente seleccionadas por el Sistema DIF Sonora.<\/p>\n<p>Para poder formar parte, es necesario cumplir con los siguientes requisitos:<\/p>\n<p>* Credencial o certificado de discapacidad permanente (con especificaci\u00f3n del tipo de discapacidad: s\u00edndrome de Down, par\u00e1lisis cerebral infantil o TEA).<\/p>\n<p>* Fotograf\u00eda tama\u00f1o infantil, de frente, sin lentes ni accesorios.<\/p>\n<p>* Comprobante de ingresos de quien sustente econ\u00f3micamente al solicitante.<\/p>\n<p>* Identificaci\u00f3n oficial (INE) del padre, madre o tutor.<\/p>\n<p>* Llenado de solicitud en oficinas del DIF municipal correspondiente, CREE Hermosillo o CREE Sur Cajeme.<\/p>\n<p>La recepci\u00f3n de solicitudes finalizar\u00e1 el 27 de junio de 2025. Para m\u00e1s informaci\u00f3n, las y los interesados pueden comunicarse al tel\u00e9fono (662) 210 8340 o al correo:\u00a0<a href=\"mailto:becasdifsonora@gmail.com\" target=\"_blank\" rel=\"noopener\">becasdifsonora@gmail.com<\/a>.<\/p>\n","protected":false},"excerpt":{"rendered":"<p>Hermosillo, Sonora; 4 de junio de 2025.- Con el objetivo de brindar atenci\u00f3n terap\u00e9utica especializada a personas con discapacidad, el Gobierno de Sonora impulsa, a trav\u00e9s de la Comisi\u00f3n de Ecolog\u00eda y Desarrollo Sustentable del Estado de Sonora (CEDES) y el Sistema DIF Sonora, un programa de Terapias F\u00edsicas Asistidas con Delfines, dirigido a ni\u00f1as, [&hellip;]<\/p>\n","protected":false},"author":2,"featured_media":220485,"comment_status":"closed","ping_status":"closed","sticky":false,"template":"","format":"standard","meta":{"footnotes":""},"categories":[12870,178],"tags":[12865,12869],"class_list":["post-220484","post","type-post","status-publish","format-standard","has-post-thumbnail","hentry","category-destacadas","category-local","tag-destacadas","tag-local"],"jetpack_featured_media_url":"https:\/\/rnoticias.com.mx\/Portal\/wp-content\/uploads\/2025\/06\/unnamed-8.jpg","amp_enabled":true,"_links":{"self":[{"href":"https:\/\/rnoticias.com.mx\/Portal\/wp-json\/wp\/v2\/posts\/220484","targetHints":{"allow":["GET"]}}],"collection":[{"href":"https:\/\/rnoticias.com.mx\/Portal\/wp-json\/wp\/v2\/posts"}],"about":[{"href":"https:\/\/rnoticias.com.mx\/Portal\/wp-json\/wp\/v2\/types\/post"}],"author":[{"embeddable":true,"href":"https:\/\/rnoticias.com.mx\/Portal\/wp-json\/wp\/v2\/users\/2"}],"replies":[{"embeddable":true,"href":"https:\/\/rnoticias.com.mx\/Portal\/wp-json\/wp\/v2\/comments?post=220484"}],"version-history":[{"count":1,"href":"https:\/\/rnoticias.com.mx\/Portal\/wp-json\/wp\/v2\/posts\/220484\/revisions"}],"predecessor-version":[{"id":220486,"href":"https:\/\/rnoticias.com.mx\/Portal\/wp-json\/wp\/v2\/posts\/220484\/revisions\/220486"}],"wp:featuredmedia":[{"embeddable":true,"href":"https:\/\/rnoticias.com.mx\/Portal\/wp-json\/wp\/v2\/media\/220485"}],"wp:attachment":[{"href":"https:\/\/rnoticias.com.mx\/Portal\/wp-json\/wp\/v2\/media?parent=220484"}],"wp:term":[{"taxonomy":"category","embeddable":true,"href":"https:\/\/rnoticias.com.mx\/Portal\/wp-json\/wp\/v2\/categories?post=220484"},{"taxonomy":"post_tag","embeddable":true,"href":"https:\/\/rnoticias.com.mx\/Portal\/wp-json\/wp\/v2\/tags?post=220484"}],"curies":[{"name":"wp","href":"https:\/\/api.w.org\/{rel}","templated":true}]}}