{"id":220481,"date":"2025-06-04T08:27:34","date_gmt":"2025-06-04T15:27:34","guid":{"rendered":"https:\/\/rnoticias.com.mx\/Portal\/?p=220481"},"modified":"2025-06-04T08:27:34","modified_gmt":"2025-06-04T15:27:34","slug":"isc-implementa-uso-compartido-de-salones-de-danza-para-garantizar-acceso-equitativo","status":"publish","type":"post","link":"https:\/\/rnoticias.com.mx\/Portal\/2025\/06\/04\/isc-implementa-uso-compartido-de-salones-de-danza-para-garantizar-acceso-equitativo\/","title":{"rendered":"ISC implementa uso compartido de salones de danza para garantizar acceso equitativo"},"content":{"rendered":"<p>Hermosillo, Sonora; 4 de junio de 2025.- Con el objetivo de impulsar el talento sonorense desde una visi\u00f3n democr\u00e1tica e incluyente, el Instituto Sonorense de Cultura (ISC) informa que los salones de danza operar\u00e1n bajo un esquema de uso compartido y calendarizado, para asegurar el acceso equitativo de todos los grupos art\u00edsticos.<\/p>\n<p>La asignaci\u00f3n ser\u00e1 coordinada por la Coordinaci\u00f3n de Casas de la Cultura, con base en criterios de disponibilidad y aprovechamiento justo de los espacios p\u00fablicos.<\/p>\n<p>El ISC ha mantenido di\u00e1logo con Antares Danza Contempor\u00e1nea, compa\u00f1\u00eda que ha utilizado el sal\u00f3n Beatriz Juvera de forma exclusiva durante 38 a\u00f1os. Desde noviembre de 2024 se le propuso continuar su labor art\u00edstica en condiciones compartidas, como al resto de los colectivos.<\/p>\n<p>El Instituto reafirma que no se busca excluir a nadie, sino promover un uso m\u00e1s equitativo y plural de los espacios culturales, en concordancia con el proyecto cultural del Gobierno del Estado<\/p>\n","protected":false},"excerpt":{"rendered":"<p>Hermosillo, Sonora; 4 de junio de 2025.- Con el objetivo de impulsar el talento sonorense desde una visi\u00f3n democr\u00e1tica e incluyente, el Instituto Sonorense de Cultura (ISC) informa que los salones de danza operar\u00e1n bajo un esquema de uso compartido y calendarizado, para asegurar el acceso equitativo de todos los grupos art\u00edsticos. La asignaci\u00f3n ser\u00e1 [&hellip;]<\/p>\n","protected":false},"author":2,"featured_media":220482,"comment_status":"closed","ping_status":"closed","sticky":false,"template":"","format":"standard","meta":{"footnotes":""},"categories":[12870,178],"tags":[12865,12869],"class_list":["post-220481","post","type-post","status-publish","format-standard","has-post-thumbnail","hentry","category-destacadas","category-local","tag-destacadas","tag-local"],"jetpack_featured_media_url":"https:\/\/rnoticias.com.mx\/Portal\/wp-content\/uploads\/2025\/06\/casa-de-la-cultura-sonora-696x390-1.jpg","amp_enabled":true,"_links":{"self":[{"href":"https:\/\/rnoticias.com.mx\/Portal\/wp-json\/wp\/v2\/posts\/220481","targetHints":{"allow":["GET"]}}],"collection":[{"href":"https:\/\/rnoticias.com.mx\/Portal\/wp-json\/wp\/v2\/posts"}],"about":[{"href":"https:\/\/rnoticias.com.mx\/Portal\/wp-json\/wp\/v2\/types\/post"}],"author":[{"embeddable":true,"href":"https:\/\/rnoticias.com.mx\/Portal\/wp-json\/wp\/v2\/users\/2"}],"replies":[{"embeddable":true,"href":"https:\/\/rnoticias.com.mx\/Portal\/wp-json\/wp\/v2\/comments?post=220481"}],"version-history":[{"count":1,"href":"https:\/\/rnoticias.com.mx\/Portal\/wp-json\/wp\/v2\/posts\/220481\/revisions"}],"predecessor-version":[{"id":220483,"href":"https:\/\/rnoticias.com.mx\/Portal\/wp-json\/wp\/v2\/posts\/220481\/revisions\/220483"}],"wp:featuredmedia":[{"embeddable":true,"href":"https:\/\/rnoticias.com.mx\/Portal\/wp-json\/wp\/v2\/media\/220482"}],"wp:attachment":[{"href":"https:\/\/rnoticias.com.mx\/Portal\/wp-json\/wp\/v2\/media?parent=220481"}],"wp:term":[{"taxonomy":"category","embeddable":true,"href":"https:\/\/rnoticias.com.mx\/Portal\/wp-json\/wp\/v2\/categories?post=220481"},{"taxonomy":"post_tag","embeddable":true,"href":"https:\/\/rnoticias.com.mx\/Portal\/wp-json\/wp\/v2\/tags?post=220481"}],"curies":[{"name":"wp","href":"https:\/\/api.w.org\/{rel}","templated":true}]}}