{"id":220478,"date":"2025-06-04T08:21:07","date_gmt":"2025-06-04T15:21:07","guid":{"rendered":"https:\/\/rnoticias.com.mx\/Portal\/?p=220478"},"modified":"2025-06-04T08:21:07","modified_gmt":"2025-06-04T15:21:07","slug":"manny-pacquiao-dice-que-su-regreso-al-boxeo-va-mas-alla-de-una-pelea","status":"publish","type":"post","link":"https:\/\/rnoticias.com.mx\/Portal\/2025\/06\/04\/manny-pacquiao-dice-que-su-regreso-al-boxeo-va-mas-alla-de-una-pelea\/","title":{"rendered":"Manny Pacquiao dice que su regreso al boxeo va m\u00e1s all\u00e1 de una pelea"},"content":{"rendered":"<p>Manny Pacquiao dice que ha terminado con la pol\u00edtica y que ha vuelto al boxeo para quedarse.<\/p>\n<p>El regreso al ring por parte de Pacquiao a los 46 a\u00f1os no es s\u00f3lo para una pelea de despedida: el ex campe\u00f3n mundial de ocho divisiones tiene la intenci\u00f3n de seguir boxeando indefinidamente.<\/p>\n<p><strong><em>\u201cEn este momento, el libro de la pol\u00edtica est\u00e1 cerrado\u201d, dijo Pacquiao a The Associated Press el martes en Los \u00c1ngeles. \u201cNi siquiera est\u00e1 en mi mente. Me estoy enfocando nuevamente en mi carrera como boxeador\u201d.<\/em><\/strong><\/p>\n<div id=\"eldia-3498101906\" class=\"eldia-contenido eldia-target\" data-eldia-trackid=\"1573641\" data-eldia-trackbid=\"1\"><\/div>\n<p>El regreso comienza el<strong>\u00a019 de julio<\/strong>, tras una pausa de cuatro a\u00f1os. Pacquiao intentar\u00e1 romper su propio r\u00e9cord al convertirse en el campe\u00f3n de peso welter m\u00e1s viejo en la historia del boxeo.<\/p>\n<p>El ex senador y candidato presidencial en su natal Filipinas se enfrentar\u00e1 en Las Vegas al estadounidense\u00a0<strong>Mario Barrios, campe\u00f3n por el CMB.<\/strong><\/p>\n<p>En la d\u00e9cada anterior, a medida que la fama y fortuna de Pacquiao crecieron, el p\u00fagil abraz\u00f3 una segunda carrera como pol\u00edtico, pese a su agenda ya saturada. Fue senador desde\u00a0<strong>2016 hasta 2022,\u00a0<\/strong>cuando termin\u00f3 tercero en las elecciones presidenciales de Filipinas.<\/p>\n<div class=\"stream-item stream-item-in-post stream-item-inline-post aligncenter\">\n<div class=\"stream-item-size\"><\/div>\n<\/div>\n<p>Se postul\u00f3 para recuperar un esca\u00f1o en el Senado este a\u00f1o, pero termin\u00f3 en el 18vo puesto en las elecciones intermedias. Despu\u00e9s de esa derrota el mes pasado, Pacquiao anunci\u00f3 r\u00e1pidamente sus planes de regresar al ring, y ahora que est\u00e1 de vuelta en Los \u00c1ngeles entrenando con Freddie Roach, dej\u00f3 claro que desear\u00eda nunca haber dejado el boxeo.<\/p>\n<p><strong><em>\u201cA\u00fan puedo hacer mi trabajo en el boxeo\u201d, dijo Pacquiao. \u201cNo he terminado todav\u00eda. El fuego, la determinaci\u00f3n, las ganas de entrenar y trabajar duro, todav\u00eda est\u00e1n ah\u00ed. Es incre\u00edble\u201d.<\/em><\/strong><\/p>\n<p>Pacquiao no ha peleado desde que perdi\u00f3 por decisi\u00f3n ante el cubano Yordenis Ug\u00e1s\u00a0<strong>en agosto de 2021,<\/strong>\u00a0pero dice que extra\u00f1\u00f3 mucho el deporte desde el momento en que se alej\u00f3. El rostro se le ilumina cuando habla de perfeccionar su oficio con Roach, la diversi\u00f3n de entrenar cada d\u00eda con su extenso equipo, e incluso las tareas de promoci\u00f3n que conllevan el ser uno de los deportistas m\u00e1s famosos del planeta.<\/p>\n<p><strong><em>\u201cEn ese momento cuando anunci\u00e9 que colgaba los guantes hace cuatro a\u00f1os, estaba muy triste\u201d, dijo Pacquiao. \u201cNo pude evitar que las l\u00e1grimas salieran de mis ojos. Realmente extra\u00f1\u00e9 el boxeo. Durante varios meses, estaba pensando, \u2018\u00bfYa no soy boxeador?&#8217;\u201d<\/em><\/strong><\/p>\n<p>Llen\u00f3 el tiempo alejado de los cuadril\u00e1teros con actividades deportivas incesantes en su finca en Filipinas, donde tiene un gimnasio de boxeo completo, una cancha de baloncesto cubierta, una pista de tenis e instalaciones para b\u00e1dminton, pickleball y tenis. Tambi\u00e9n corr\u00eda en su enorme traspatio manteni\u00e9ndose en forma sobre una extensi\u00f3n de un kil\u00f3metro.<\/p>\n<p>Pacquiao afirma que su famosa velocidad de manos y condiciones atl\u00e9ticas todav\u00eda est\u00e1n ah\u00ed, y se siente renovado despu\u00e9s de cuatro a\u00f1os sin recibir golpes. Pero tambi\u00e9n se da cuenta de que sus fan\u00e1ticos podr\u00edan estar preocupados por un regreso debido a su esfuerzo poco impresionante contra Ug\u00e1s, quien lo super\u00f3 claramente hace cuatro a\u00f1os.<\/p>\n<p><strong>El filipino dice que fue derrotado en 2021 por numerosas distracciones: su inminente candidatura presidencial<\/strong>, una demanda considerable presentada en su contra por una empresa de gesti\u00f3n, e incluso un masaje mal aconsejado poco antes de la pelea que lo dej\u00f3 adolorido esa noche.<\/p>\n<p><strong><em>\u201cEstaba muy preocupado\u201d, dijo. \u201cHice muchas cosas que no son buenas para m\u00ed\u201d.<\/em><\/strong><\/p>\n<p>Pacquiao interrumpir\u00e1 su entrenamiento esta semana s\u00f3lo para una celebraci\u00f3n de su carrera: ser\u00e1 exaltado en el Sal\u00f3n de la Fama del Boxeo Internacional este fin de semana en el norte del estado de Nueva York, y luego regresar\u00e1 al gimnasio Wild Card de Roach.<\/p>\n","protected":false},"excerpt":{"rendered":"<p>Manny Pacquiao dice que ha terminado con la pol\u00edtica y que ha vuelto al boxeo para quedarse. El regreso al ring por parte de Pacquiao a los 46 a\u00f1os no es s\u00f3lo para una pelea de despedida: el ex campe\u00f3n mundial de ocho divisiones tiene la intenci\u00f3n de seguir boxeando indefinidamente. \u201cEn este momento, el [&hellip;]<\/p>\n","protected":false},"author":2,"featured_media":220479,"comment_status":"closed","ping_status":"closed","sticky":false,"template":"","format":"standard","meta":{"footnotes":""},"categories":[188,12870],"tags":[5231,12865],"class_list":["post-220478","post","type-post","status-publish","format-standard","has-post-thumbnail","hentry","category-deportes","category-destacadas","tag-deportes","tag-destacadas"],"jetpack_featured_media_url":"https:\/\/rnoticias.com.mx\/Portal\/wp-content\/uploads\/2025\/06\/187322-img-20210820-wa0045.jpg","amp_enabled":true,"_links":{"self":[{"href":"https:\/\/rnoticias.com.mx\/Portal\/wp-json\/wp\/v2\/posts\/220478","targetHints":{"allow":["GET"]}}],"collection":[{"href":"https:\/\/rnoticias.com.mx\/Portal\/wp-json\/wp\/v2\/posts"}],"about":[{"href":"https:\/\/rnoticias.com.mx\/Portal\/wp-json\/wp\/v2\/types\/post"}],"author":[{"embeddable":true,"href":"https:\/\/rnoticias.com.mx\/Portal\/wp-json\/wp\/v2\/users\/2"}],"replies":[{"embeddable":true,"href":"https:\/\/rnoticias.com.mx\/Portal\/wp-json\/wp\/v2\/comments?post=220478"}],"version-history":[{"count":1,"href":"https:\/\/rnoticias.com.mx\/Portal\/wp-json\/wp\/v2\/posts\/220478\/revisions"}],"predecessor-version":[{"id":220480,"href":"https:\/\/rnoticias.com.mx\/Portal\/wp-json\/wp\/v2\/posts\/220478\/revisions\/220480"}],"wp:featuredmedia":[{"embeddable":true,"href":"https:\/\/rnoticias.com.mx\/Portal\/wp-json\/wp\/v2\/media\/220479"}],"wp:attachment":[{"href":"https:\/\/rnoticias.com.mx\/Portal\/wp-json\/wp\/v2\/media?parent=220478"}],"wp:term":[{"taxonomy":"category","embeddable":true,"href":"https:\/\/rnoticias.com.mx\/Portal\/wp-json\/wp\/v2\/categories?post=220478"},{"taxonomy":"post_tag","embeddable":true,"href":"https:\/\/rnoticias.com.mx\/Portal\/wp-json\/wp\/v2\/tags?post=220478"}],"curies":[{"name":"wp","href":"https:\/\/api.w.org\/{rel}","templated":true}]}}