{"id":220466,"date":"2025-06-04T08:13:42","date_gmt":"2025-06-04T15:13:42","guid":{"rendered":"https:\/\/rnoticias.com.mx\/Portal\/?p=220466"},"modified":"2025-06-04T08:13:42","modified_gmt":"2025-06-04T15:13:42","slug":"claudia-sheinbaum-respalda-a-hugo-aguilar-para-que-presida-la-suprema-corte","status":"publish","type":"post","link":"https:\/\/rnoticias.com.mx\/Portal\/2025\/06\/04\/claudia-sheinbaum-respalda-a-hugo-aguilar-para-que-presida-la-suprema-corte\/","title":{"rendered":"Claudia Sheinbaum respalda a Hugo Aguilar para que presida la Suprema Corte"},"content":{"rendered":"<p>La presidenta Claudia Sheinbaum Pardo respald\u00f3 que el pr\u00f3ximo presidente de la Suprema Corte de Justicia de la Naci\u00f3n (SCJN) sea el abogado mixteco Hugo Aguilar Ortiz.<\/p>\n<p>En la conferencia matutina de Palacio Nacional, Sheinbaum Pardo indic\u00f3 que Aguilar Ortiz es un hombre \u201cmodesto, sencillo y con una enorme inteligencia\u201d.<\/p>\n<p>\u201cMe da mucho gusto que el pr\u00f3ximo presidente de la SCJN sea un ind\u00edgena mixteco, de Oaxaca. Muy buen abogado, tengo el privilegio de conocerlo no solamente sobre temas relacionados con los pueblos originarios, sino que en general tiene un amplio conocimiento\u201d, dijo.<\/p>\n<p>Es un hombre modesto, sencillo, con una enorme inteligencia y sensibilidad social. Nos da mucho gusto ()\u201d, puntualiz\u00f3.<\/p>\n<p>La mandataria mexicana dej\u00f3 en claro que los ministros de la nueva Suprema Corte son buenos perfiles, y que deben dar ejemplo de la transformaci\u00f3n que tuvo el Poder Judicial.<\/p>\n<p>\u201cLo decidi\u00f3 el pueblo, son buenos perfiles. Ellos tiene que dar un ejemplo una vez que entren a la corte de una transformaci\u00f3n profunda del Poder Judicial. \u00bfEn qu\u00e9 sentido esta transformaci\u00f3n? De que haya justicia para todas y todos en M\u00e9xico\u201d, dijo.<\/p>\n<p>\u201cTienen que dar ejemplo de autoridad comparado con la parafernalia del poder actual, tienen que dar ejemplo de profesionalismo, de impartici\u00f3n de justicia, dar un ejemplo de que hay cambios, de honestidad, de honradez, de transparencia. Hoy son elegidos por el pueblo, ahora les corresponde a ellas y ellos a partir de septiembre dar un ejemplo a M\u00e9xico y al mundo de que puede haber un sistema de justicia diferente\u201d, puntualiz\u00f3.<\/p>\n<p>El abogado mixteco y actual coordinador general de Derechos Ind\u00edgenas del Instituto Nacional de los Pueblos Ind\u00edgenas (INPI), Hugo Aguilar Ortiz, se perfila para presidir la Suprema Corte de Justicia de la Naci\u00f3n (SCJN), tras los comicios judiciales del domingo 1 de junio.<\/p>\n<p>De acuerdo con el \u00faltimo corte de las 089:10 h local, lideraba la elecci\u00f3n con un total de seis millones 78 mil 115 votos. En segundo sitio, se encontraba Lenia Batres Guadarrama, quien suma cinco millones 744 mil 326 sufragios.<\/p>\n<p>Aguilar Ortiz es un defensor comprometido de los derechos de los pueblos ind\u00edgenas y afromexicanos. Con m\u00e1s de 30 a\u00f1os de trayectoria, ha trabajado en la defensa legal de comunidades originarias y ha sido asesor del Ej\u00e9rcito Zapatista de Liberaci\u00f3n Nacional (EZLN) en los di\u00e1logos de Chiapas en 1996.<\/p>\n<p>Su propuesta para la SCJN se basa en una justicia intercultural que respete y valore la diversidad legal y cultural de M\u00e9xico.<\/p>\n","protected":false},"excerpt":{"rendered":"<p>La presidenta Claudia Sheinbaum Pardo respald\u00f3 que el pr\u00f3ximo presidente de la Suprema Corte de Justicia de la Naci\u00f3n (SCJN) sea el abogado mixteco Hugo Aguilar Ortiz. En la conferencia matutina de Palacio Nacional, Sheinbaum Pardo indic\u00f3 que Aguilar Ortiz es un hombre \u201cmodesto, sencillo y con una enorme inteligencia\u201d. \u201cMe da mucho gusto que [&hellip;]<\/p>\n","protected":false},"author":2,"featured_media":220467,"comment_status":"closed","ping_status":"closed","sticky":false,"template":"","format":"standard","meta":{"footnotes":""},"categories":[12870,12868],"tags":[12865,12879],"class_list":["post-220466","post","type-post","status-publish","format-standard","has-post-thumbnail","hentry","category-destacadas","category-politica","tag-destacadas","tag-politica"],"jetpack_featured_media_url":"https:\/\/rnoticias.com.mx\/Portal\/wp-content\/uploads\/2025\/06\/f1280x720-300174_431849_5050.webp","amp_enabled":true,"_links":{"self":[{"href":"https:\/\/rnoticias.com.mx\/Portal\/wp-json\/wp\/v2\/posts\/220466","targetHints":{"allow":["GET"]}}],"collection":[{"href":"https:\/\/rnoticias.com.mx\/Portal\/wp-json\/wp\/v2\/posts"}],"about":[{"href":"https:\/\/rnoticias.com.mx\/Portal\/wp-json\/wp\/v2\/types\/post"}],"author":[{"embeddable":true,"href":"https:\/\/rnoticias.com.mx\/Portal\/wp-json\/wp\/v2\/users\/2"}],"replies":[{"embeddable":true,"href":"https:\/\/rnoticias.com.mx\/Portal\/wp-json\/wp\/v2\/comments?post=220466"}],"version-history":[{"count":1,"href":"https:\/\/rnoticias.com.mx\/Portal\/wp-json\/wp\/v2\/posts\/220466\/revisions"}],"predecessor-version":[{"id":220468,"href":"https:\/\/rnoticias.com.mx\/Portal\/wp-json\/wp\/v2\/posts\/220466\/revisions\/220468"}],"wp:featuredmedia":[{"embeddable":true,"href":"https:\/\/rnoticias.com.mx\/Portal\/wp-json\/wp\/v2\/media\/220467"}],"wp:attachment":[{"href":"https:\/\/rnoticias.com.mx\/Portal\/wp-json\/wp\/v2\/media?parent=220466"}],"wp:term":[{"taxonomy":"category","embeddable":true,"href":"https:\/\/rnoticias.com.mx\/Portal\/wp-json\/wp\/v2\/categories?post=220466"},{"taxonomy":"post_tag","embeddable":true,"href":"https:\/\/rnoticias.com.mx\/Portal\/wp-json\/wp\/v2\/tags?post=220466"}],"curies":[{"name":"wp","href":"https:\/\/api.w.org\/{rel}","templated":true}]}}