{"id":220463,"date":"2025-06-04T08:10:13","date_gmt":"2025-06-04T15:10:13","guid":{"rendered":"https:\/\/rnoticias.com.mx\/Portal\/?p=220463"},"modified":"2025-06-04T08:10:13","modified_gmt":"2025-06-04T15:10:13","slug":"cazzu-hace-sold-out-en-auditorio-nacional-y-los-fans-se-burlan-de-pati-chapoy","status":"publish","type":"post","link":"https:\/\/rnoticias.com.mx\/Portal\/2025\/06\/04\/cazzu-hace-sold-out-en-auditorio-nacional-y-los-fans-se-burlan-de-pati-chapoy\/","title":{"rendered":"Cazzu hace Sold out en Auditorio Nacional y los fans se burlan de Pati Chapoy"},"content":{"rendered":"<p>La artista argentina\u00a0<strong>Cazzu<\/strong>\u00a0demostr\u00f3 que su influencia y poder de convocatoria traspasan fronteras al\u00a0<strong>agotar en minutos los boletos disponibles<\/strong>\u00a0en la preventa para su concierto del 14 de octubre de 2025 en el\u00a0<strong>Auditorio Nacional.<\/strong><\/p>\n<p>&nbsp;<\/p>\n<p>La noticia fue confirmada por Ticketmaster la ma\u00f1ana del 2 de junio, y bastaron unos segundos para que su nombre se convirtiera en tendencia, junto con una ola de memes, celebraciones y\u2026\u00a0uno que otro comentario sarc\u00e1stico\u00a0<strong>dirigido a sus haters.}<\/strong><\/p>\n<h2><strong>\u00bfQu\u00e9 fue lo que dijo Pati Chapoy?<\/strong><\/h2>\n<p>Muchos no olvidan las palabras de<strong>\u00a0Pati Chapoy<\/strong>, quien el pasado 28 de mayo\u00a0<strong>dud\u00f3 p\u00fablicamente que Cazzu\u00a0<\/strong>pudiera llenar un espacio de tal magnitud.<\/p>\n<blockquote><p>Desde mi punto de vista, no creo que est\u00e9 en condiciones de llenar un Auditorio Nacional. Que empiece por los palenques, mencion\u00f3 la conductora de Ventaneando, generando pol\u00e9mica al subestimar a la artista.<\/p><\/blockquote>\n<div class=\"banner-content-ads\">\n<div id=\"bd16c46dd34b4ab483bc578a3cf558c1\"><\/div>\n<\/div>\n<p>No fue la \u00fanica en criticar,\u00a0<strong>M\u00f3nica Casta\u00f1eda<\/strong>\u00a0sugiri\u00f3 que la\u00a0<strong>fama de Cazzu<\/strong>\u00a0en M\u00e9xico depend\u00eda de su relaci\u00f3n con\u00a0<strong>Christian Nodal<\/strong>, mientras que<strong>\u00a0Rosario Murrieta<\/strong>\u00a0opin\u00f3 que debi\u00f3 arrancar por un escenario m\u00e1s \u00ab<strong>realista<\/strong>\u00ab, como el Teatro Metrop\u00f3litan. Sin embargo, las cifras hablaron m\u00e1s fuerte que cualquier panel televisivo:\u00a0<strong>sold out en tiempo r\u00e9cord.<\/strong><\/p>\n<p>&nbsp;<\/p>\n<h2><strong>Reacciones en redes sociales<\/strong><\/h2>\n<p>Usuarios compartieron capturas de pantalla del evento agotado y etiquetaron sin piedad a\u00a0<strong>Chapoy.<br \/>\n<\/strong><\/p>\n<ul>\n<li>\u00ab\u00bfY que no era demasiado grande para ella?\u00bb.<\/li>\n<li>\u00abCazzu llen\u00f3 el Auditorio antes de que terminaras tu frase\u00bb.<\/li>\n<li>\u00ab\u00bfQu\u00e9 pas\u00f3 con el palenque, Pati?\u00bb.<\/li>\n<li>\u00abRIP Paty Chapoy\u00bb.<\/li>\n<li>\u00ab\u00a1Jaja, amo! Av\u00edsenle tambi\u00e9n a Flor Rubio, por favor\u00bb.<\/li>\n<\/ul>\n<p>&nbsp;<\/p>\n<p>Mientras el p\u00fablico celebraba, en Ventaneando prefirieron guardar silencio, pues\u00a0<strong>Chapoy no toc\u00f3 el tema\u00a0<\/strong>en la siguiente emisi\u00f3n. Sin embargo, la conversaci\u00f3n ya estaba encendida, y muchos\u00a0<strong>la acusaron de prejuiciosa\u00a0<\/strong>y de favorecer a otras artistas, especialmente a<strong>\u00a0\u00c1ngela Aguilar<\/strong>, con quien\u00a0<strong>Cazzu\u00a0<\/strong>ha sido frecuentemente comparada en redes y medios.<\/p>\n<p>Con este logro,\u00a0<strong>Julieta Cazzuchelli<\/strong>\u00a0no solo se corona como una de las voces m\u00e1s fuertes del\u00a0<strong>trap latino<\/strong>, sino que tambi\u00e9n reafirma su lugar en el mercado mexicano con luz propia,\u00a0<strong>desmarc\u00e1ndose de apellidos ajenos\u00a0<\/strong>y de las expectativas que quisieron encasillarla.<\/p>\n<p>Para quienes no alcanzaron boletos en la preventa Banamex, la venta general comienza este martes 3 de junio a las 11:00 a.m.<\/p>\n","protected":false},"excerpt":{"rendered":"<p>La artista argentina\u00a0Cazzu\u00a0demostr\u00f3 que su influencia y poder de convocatoria traspasan fronteras al\u00a0agotar en minutos los boletos disponibles\u00a0en la preventa para su concierto del 14 de octubre de 2025 en el\u00a0Auditorio Nacional. &nbsp; La noticia fue confirmada por Ticketmaster la ma\u00f1ana del 2 de junio, y bastaron unos segundos para que su nombre se convirtiera [&hellip;]<\/p>\n","protected":false},"author":2,"featured_media":220464,"comment_status":"closed","ping_status":"closed","sticky":false,"template":"","format":"standard","meta":{"footnotes":""},"categories":[12870,219],"tags":[12865,12875],"class_list":["post-220463","post","type-post","status-publish","format-standard","has-post-thumbnail","hentry","category-destacadas","category-espectaculos","tag-destacadas","tag-espectaculos"],"jetpack_featured_media_url":"https:\/\/rnoticias.com.mx\/Portal\/wp-content\/uploads\/2025\/06\/CCCAZUZUZUCCHAPPOYY.jpeg","amp_enabled":true,"_links":{"self":[{"href":"https:\/\/rnoticias.com.mx\/Portal\/wp-json\/wp\/v2\/posts\/220463","targetHints":{"allow":["GET"]}}],"collection":[{"href":"https:\/\/rnoticias.com.mx\/Portal\/wp-json\/wp\/v2\/posts"}],"about":[{"href":"https:\/\/rnoticias.com.mx\/Portal\/wp-json\/wp\/v2\/types\/post"}],"author":[{"embeddable":true,"href":"https:\/\/rnoticias.com.mx\/Portal\/wp-json\/wp\/v2\/users\/2"}],"replies":[{"embeddable":true,"href":"https:\/\/rnoticias.com.mx\/Portal\/wp-json\/wp\/v2\/comments?post=220463"}],"version-history":[{"count":1,"href":"https:\/\/rnoticias.com.mx\/Portal\/wp-json\/wp\/v2\/posts\/220463\/revisions"}],"predecessor-version":[{"id":220465,"href":"https:\/\/rnoticias.com.mx\/Portal\/wp-json\/wp\/v2\/posts\/220463\/revisions\/220465"}],"wp:featuredmedia":[{"embeddable":true,"href":"https:\/\/rnoticias.com.mx\/Portal\/wp-json\/wp\/v2\/media\/220464"}],"wp:attachment":[{"href":"https:\/\/rnoticias.com.mx\/Portal\/wp-json\/wp\/v2\/media?parent=220463"}],"wp:term":[{"taxonomy":"category","embeddable":true,"href":"https:\/\/rnoticias.com.mx\/Portal\/wp-json\/wp\/v2\/categories?post=220463"},{"taxonomy":"post_tag","embeddable":true,"href":"https:\/\/rnoticias.com.mx\/Portal\/wp-json\/wp\/v2\/tags?post=220463"}],"curies":[{"name":"wp","href":"https:\/\/api.w.org\/{rel}","templated":true}]}}