{"id":220460,"date":"2025-06-04T08:08:58","date_gmt":"2025-06-04T15:08:58","guid":{"rendered":"https:\/\/rnoticias.com.mx\/Portal\/?p=220460"},"modified":"2025-06-04T08:08:58","modified_gmt":"2025-06-04T15:08:58","slug":"gobierno-de-sonora-promueve-la-educacion-ambiental-con-econversando-en-la-sauceda","status":"publish","type":"post","link":"https:\/\/rnoticias.com.mx\/Portal\/2025\/06\/04\/gobierno-de-sonora-promueve-la-educacion-ambiental-con-econversando-en-la-sauceda\/","title":{"rendered":"Gobierno de Sonora promueve la educaci\u00f3n ambiental con \u201cEconversando\u201d en La Sauceda"},"content":{"rendered":"<p align=\"left\">Hermosillo, Sonora; 4 de junio de 2025.- Como parte de las actividades del Laboratorio de Educaci\u00f3n Ambiental y Desarrollo Sostenible del Bosque Urbano La Sauceda, se llevar\u00e1 a cabo la charla Econversando: \u201cLas cact\u00e1ceas, su importancia y conservaci\u00f3n\u201d, dirigida al p\u00fablico en general.<\/p>\n<p align=\"left\">El evento se realizar\u00e1 el viernes 6 de junio a las 19:30 horas, en el kiosco central del bosque urbano, y contar\u00e1 con la participaci\u00f3n de la bi\u00f3loga Norma Cruz y la bi\u00f3loga Milka Valenzuela, integrantes de la Comisi\u00f3n de Ecolog\u00eda y Desarrollo Sustentable del Estado de Sonora (CEDES), con quienes se fortalecen los v\u00ednculos institucionales para la promoci\u00f3n conjunta de la educaci\u00f3n ambiental.<\/p>\n<p align=\"left\">Esta actividad forma parte de una serie de encuentros abiertos que tienen como objetivo promover la conservaci\u00f3n ambiental, difundir el conocimiento sobre la biodiversidad local y fomentar pr\u00e1cticas sostenibles entre la ciudadan\u00eda.<\/p>\n<p align=\"left\">Las cact\u00e1ceas, protagonistas de esta segunda charla, son especies clave en los ecosistemas del desierto sonorense. Su conservaci\u00f3n es fundamental tanto por su valor ecol\u00f3gico como por su importancia cultural.<\/p>\n<p align=\"left\">El Laboratorio de Educaci\u00f3n Ambiental y Desarrollo Sostenible busca consolidar a La Sauceda como un espacio de aprendizaje vivo, donde la comunidad pueda acercarse al conocimiento cient\u00edfico de manera accesible y participativa.<\/p>\n<p align=\"left\">Con estas charlas, el Gobierno de Sonora refuerza su compromiso con la ciudadan\u00eda al acercar conocimientos que impulsen la educaci\u00f3n ambiental y fomenten una cultura de respeto y cuidado hacia el entorno natural.<\/p>\n","protected":false},"excerpt":{"rendered":"<p>Hermosillo, Sonora; 4 de junio de 2025.- Como parte de las actividades del Laboratorio de Educaci\u00f3n Ambiental y Desarrollo Sostenible del Bosque Urbano La Sauceda, se llevar\u00e1 a cabo la charla Econversando: \u201cLas cact\u00e1ceas, su importancia y conservaci\u00f3n\u201d, dirigida al p\u00fablico en general. El evento se realizar\u00e1 el viernes 6 de junio a las 19:30 [&hellip;]<\/p>\n","protected":false},"author":2,"featured_media":220461,"comment_status":"closed","ping_status":"closed","sticky":false,"template":"","format":"standard","meta":{"footnotes":""},"categories":[12870,178],"tags":[12865,12869],"class_list":["post-220460","post","type-post","status-publish","format-standard","has-post-thumbnail","hentry","category-destacadas","category-local","tag-destacadas","tag-local"],"jetpack_featured_media_url":"https:\/\/rnoticias.com.mx\/Portal\/wp-content\/uploads\/2025\/06\/unnamed-7.jpg","amp_enabled":true,"_links":{"self":[{"href":"https:\/\/rnoticias.com.mx\/Portal\/wp-json\/wp\/v2\/posts\/220460","targetHints":{"allow":["GET"]}}],"collection":[{"href":"https:\/\/rnoticias.com.mx\/Portal\/wp-json\/wp\/v2\/posts"}],"about":[{"href":"https:\/\/rnoticias.com.mx\/Portal\/wp-json\/wp\/v2\/types\/post"}],"author":[{"embeddable":true,"href":"https:\/\/rnoticias.com.mx\/Portal\/wp-json\/wp\/v2\/users\/2"}],"replies":[{"embeddable":true,"href":"https:\/\/rnoticias.com.mx\/Portal\/wp-json\/wp\/v2\/comments?post=220460"}],"version-history":[{"count":1,"href":"https:\/\/rnoticias.com.mx\/Portal\/wp-json\/wp\/v2\/posts\/220460\/revisions"}],"predecessor-version":[{"id":220462,"href":"https:\/\/rnoticias.com.mx\/Portal\/wp-json\/wp\/v2\/posts\/220460\/revisions\/220462"}],"wp:featuredmedia":[{"embeddable":true,"href":"https:\/\/rnoticias.com.mx\/Portal\/wp-json\/wp\/v2\/media\/220461"}],"wp:attachment":[{"href":"https:\/\/rnoticias.com.mx\/Portal\/wp-json\/wp\/v2\/media?parent=220460"}],"wp:term":[{"taxonomy":"category","embeddable":true,"href":"https:\/\/rnoticias.com.mx\/Portal\/wp-json\/wp\/v2\/categories?post=220460"},{"taxonomy":"post_tag","embeddable":true,"href":"https:\/\/rnoticias.com.mx\/Portal\/wp-json\/wp\/v2\/tags?post=220460"}],"curies":[{"name":"wp","href":"https:\/\/api.w.org\/{rel}","templated":true}]}}