{"id":220457,"date":"2025-06-04T07:55:11","date_gmt":"2025-06-04T14:55:11","guid":{"rendered":"https:\/\/rnoticias.com.mx\/Portal\/?p=220457"},"modified":"2025-06-04T07:55:11","modified_gmt":"2025-06-04T14:55:11","slug":"neymar-reforzaria-a-equipo-de-la-liga-bbva-mx","status":"publish","type":"post","link":"https:\/\/rnoticias.com.mx\/Portal\/2025\/06\/04\/neymar-reforzaria-a-equipo-de-la-liga-bbva-mx\/","title":{"rendered":"Neymar reforzar\u00eda a equipo de la Liga BBVA MX"},"content":{"rendered":"<p>La carrera de\u00a0<b>Neymar<\/b>\u00a0podr\u00eda dar un giro inesperado. Tras haber dejado a\u00a0<b>Al-Hilal<\/b>\u00a0de\u00a0<b>Arabia Saudita<\/b>\u00a0para regresar a\u00a0<b>Santos FC<\/b>, el valor del astro brasile\u00f1o sigue en decadencia y ahora suena para llegar a un cuadro de la\u00a0<b>Liga BBVA MX<\/b>.<\/p>\n<p>Con un valor de mercado de\u00a0<b>15 millones de euros<\/b>\u00a0aproximadamente, diversas fuentes se\u00f1alan el exjugador de equipos como el\u00a0<b>Paris<\/b>\u00a0<b>Saint-Germain<\/b>\u00a0y\u00a0<b>FC Barcelona<\/b>\u00a0podr\u00eda reforzar a una escuadra que va a participar en el\u00a0<b>Mundial de Clubes 2025<\/b>.<\/p>\n<div class=\"Enhancement\">\n<div class=\"Enhancement-item\">\n<h2>\u00bfNeymar llega a Pachuca para el Mundial de Clubes?<\/h2>\n<\/div>\n<\/div>\n<p>De acuerdo a los reportes,\u00a0<b>Neymar<\/b>\u00a0llegar\u00eda a\u00a0<b>Pachuca<\/b>\u00a0para jugar el certamen internacional que se va a disputar del 15 de junio al 13 de julio en\u00a0<b>Estados Unidos<\/b>.<\/p>\n<p>Y es que la\u00a0<b>FIFA<\/b>\u00a0permite que los equipos participantes en la competencia, firmen refuerzos de manera temporal bajo una ventana especial de inscripciones, misma que contempla a jugadores que vayan a terminar su contrato en el verano.<\/p>\n<p>\u201c<b>FIFA<\/b>\u00a0ha confirmado que abrir\u00e1 un periodo de inscripci\u00f3n excepcional del 1 al 10 de junio a fin de que los nuevos jugadores puedan disputar la competici\u00f3n. El plazo para presentar la lista definitiva se ha fijado para el 10 de junio, por lo que los clubes participantes podr\u00e1n contar en Estados Unidos con los jugadores que hayan contratado en este periodo extraordinario\u201d, se lee en el\u00a0<b>Reglamento de Competencia<\/b>.<\/p>\n<p>\u201cLos contratos de algunos jugadores vencer\u00e1n a mitad de la competici\u00f3n, los clubes participantes podr\u00e1n reemplazar y a\u00f1adir jugadores en pleno torneo durante un periodo acotado: del 27 de junio al 3 de julio de 2025, dentro de un l\u00edmite establecido y de acuerdo con restricciones espec\u00edficas, como el hecho de que, en esas fechas concretas, se deber\u00e1 iniciar un periodo de inscripci\u00f3n est\u00e1ndar para el club. El objetivo es animar a clubes y jugadores cuyos contratos est\u00e1n a punto de finalizar a encontrar una soluci\u00f3n apropiada que favorezca la participaci\u00f3n de los futbolistas afectados\u201d, se agrega.<\/p>\n<p>Desde su regreso a\u00a0<b>Santos FC<\/b>,\u00a0<b>Neymar<\/b>\u00a0tiene un registro de 14 partidos jugados entre juegos del\u00a0<b>Campeonato Brasile\u00f1o de Serie A<\/b>,\u00a0<b>Copa<\/b>\u00a0y\u00a0<b>Campeonato<\/b>\u00a0<b>Paulista<\/b>.<\/p>\n<p>Durante el\u00a0<b>Mundial de Clubes 2025<\/b>,\u00a0<b>Pachuca<\/b>\u00a0comparte el\u00a0<b>Grupo H<\/b>\u00a0junto a\u00a0<b>Al-Hilal<\/b>,\u00a0<b>Real Madrid<\/b>\u00a0y\u00a0<b>RB Salzburg<\/b>. Los\u00a0<b>Tuzos<\/b>\u00a0arrancan su participaci\u00f3n en el certamen ante el equipo de\u00a0<b>Alemania<\/b>, encuentro a disputarse el 18 de junio. En la\u00a0<b>Jornada 2<\/b>, el cuadro de la\u00a0<b>Bella<\/b>\u00a0<b>Airosa<\/b>\u00a0se mide a cuadro\u00a0<b>Merengue<\/b>\u00a0el 22 de junio y cierran la\u00a0<b>Fase de Grupos<\/b>\u00a0frente al exequipo de\u00a0<b>Neymar<\/b>\u00a0en\u00a0<b>Arabia Saudita<\/b>, partido a jugarse el 26 de junio.<\/p>\n","protected":false},"excerpt":{"rendered":"<p>La carrera de\u00a0Neymar\u00a0podr\u00eda dar un giro inesperado. Tras haber dejado a\u00a0Al-Hilal\u00a0de\u00a0Arabia Saudita\u00a0para regresar a\u00a0Santos FC, el valor del astro brasile\u00f1o sigue en decadencia y ahora suena para llegar a un cuadro de la\u00a0Liga BBVA MX. Con un valor de mercado de\u00a015 millones de euros\u00a0aproximadamente, diversas fuentes se\u00f1alan el exjugador de equipos como el\u00a0Paris\u00a0Saint-Germain\u00a0y\u00a0FC Barcelona\u00a0podr\u00eda reforzar [&hellip;]<\/p>\n","protected":false},"author":2,"featured_media":220458,"comment_status":"closed","ping_status":"closed","sticky":false,"template":"","format":"standard","meta":{"footnotes":""},"categories":[188,12870],"tags":[5231,12865],"class_list":["post-220457","post","type-post","status-publish","format-standard","has-post-thumbnail","hentry","category-deportes","category-destacadas","tag-deportes","tag-destacadas"],"jetpack_featured_media_url":"https:\/\/rnoticias.com.mx\/Portal\/wp-content\/uploads\/2025\/06\/bombazo-neymar-es-vinculado-con-pachuca-para-el-mundial-de-clubes-video.webp","amp_enabled":true,"_links":{"self":[{"href":"https:\/\/rnoticias.com.mx\/Portal\/wp-json\/wp\/v2\/posts\/220457","targetHints":{"allow":["GET"]}}],"collection":[{"href":"https:\/\/rnoticias.com.mx\/Portal\/wp-json\/wp\/v2\/posts"}],"about":[{"href":"https:\/\/rnoticias.com.mx\/Portal\/wp-json\/wp\/v2\/types\/post"}],"author":[{"embeddable":true,"href":"https:\/\/rnoticias.com.mx\/Portal\/wp-json\/wp\/v2\/users\/2"}],"replies":[{"embeddable":true,"href":"https:\/\/rnoticias.com.mx\/Portal\/wp-json\/wp\/v2\/comments?post=220457"}],"version-history":[{"count":1,"href":"https:\/\/rnoticias.com.mx\/Portal\/wp-json\/wp\/v2\/posts\/220457\/revisions"}],"predecessor-version":[{"id":220459,"href":"https:\/\/rnoticias.com.mx\/Portal\/wp-json\/wp\/v2\/posts\/220457\/revisions\/220459"}],"wp:featuredmedia":[{"embeddable":true,"href":"https:\/\/rnoticias.com.mx\/Portal\/wp-json\/wp\/v2\/media\/220458"}],"wp:attachment":[{"href":"https:\/\/rnoticias.com.mx\/Portal\/wp-json\/wp\/v2\/media?parent=220457"}],"wp:term":[{"taxonomy":"category","embeddable":true,"href":"https:\/\/rnoticias.com.mx\/Portal\/wp-json\/wp\/v2\/categories?post=220457"},{"taxonomy":"post_tag","embeddable":true,"href":"https:\/\/rnoticias.com.mx\/Portal\/wp-json\/wp\/v2\/tags?post=220457"}],"curies":[{"name":"wp","href":"https:\/\/api.w.org\/{rel}","templated":true}]}}