{"id":220443,"date":"2025-06-03T20:36:44","date_gmt":"2025-06-04T03:36:44","guid":{"rendered":"https:\/\/rnoticias.com.mx\/Portal\/?p=220443"},"modified":"2025-06-03T20:36:44","modified_gmt":"2025-06-04T03:36:44","slug":"wolrd-boxing-se-disculpa-por-incluir-a-imane-khelif-en-politica-de-pruebas-de-sexo","status":"publish","type":"post","link":"https:\/\/rnoticias.com.mx\/Portal\/2025\/06\/03\/wolrd-boxing-se-disculpa-por-incluir-a-imane-khelif-en-politica-de-pruebas-de-sexo\/","title":{"rendered":"Wolrd Boxing se disculpa por incluir a Imane Khelif en pol\u00edtica de pruebas de sexo"},"content":{"rendered":"<p>El presidente de\u00a0<strong>World Boxing\u00a0<\/strong>se disculp\u00f3 despu\u00e9s de que la campeona ol\u00edmpica<strong>\u00a0Imane Khelif\u00a0<\/strong>fuera se\u00f1alada cuando el organismo anunci\u00f3 que har\u00e1n pruebas obligatorias de sexo.<\/p>\n<p>La boxeadora argelina, que gan\u00f3 el oro en los Juegos de Par\u00eds el verano pasado en medio de un intenso escrutinio sobre su elegibilidad, fue mencionada espec\u00edficamente cuando World Boxing public\u00f3 su nueva pol\u00edtica el viernes pasado.<\/p>\n<p>El lunes, su presidente Boris van der Vorst se comunic\u00f3 con la Federaci\u00f3n de Boxeo de Argelia para reconocer que fue un error.<\/p>\n<div id=\"eldia-1271259411\" class=\"eldia-contenido eldia-target\" data-eldia-trackid=\"1573641\" data-eldia-trackbid=\"1\"><\/div>\n<p><strong><em>\u201cLes escribo personalmente para ofrecer una disculpa formal y sincera por esto y reconocer que su privacidad deber\u00eda haber sido protegida\u201d<\/em><\/strong>, escribi\u00f3 en una carta y que fue vista por The Associated Press.<\/p>\n<p>Van der Vorst agreg\u00f3 que esperaba que al<strong><em>\u00a0\u201ccomunicarse con ustedes personalmente, mostramos nuestro verdadero respeto hacia ustedes y sus atletas\u201d.<\/em><\/strong><\/p>\n<p>Khelif y la medallista de oro Lin Yu-ting de Taiw\u00e1n estuvieron en el centro de atenci\u00f3n en Par\u00eds debido a que el organismo que la\u00a0<strong>Asociaci\u00f3n Internacional de Boxeo,<\/strong>\u00a0el organismo que anteriormente estuvo encargado del boxeo ol\u00edmpico, descalific\u00f3 a ambas peleadoras del Campeonato Mundial de 2023, alegando que no pasaron una prueba de elegibilidad no especificada.<\/p>\n<div class=\"stream-item stream-item-in-post stream-item-inline-post aligncenter\">\n<div class=\"stream-item-size\"><\/div>\n<\/div>\n<p>Sin embargo, el Comit\u00e9 Ol\u00edmpico Internacional aplic\u00f3 las reglas de elegibilidad de sexo utilizadas en las justas anteriores y autoriz\u00f3 a Khelif y Lin a competir.<\/p>\n<p><strong>World Boxing<\/strong>\u00a0recibi\u00f3 autorizaci\u00f3n para ejercer como el organizador de boxeo en los Juegos de Los \u00c1ngeles 2028 y ha enfrentado presi\u00f3n de boxeadores y sus federaciones para<strong>\u00a0crear est\u00e1ndares de elegibilidad de sexo.<\/strong><\/p>\n<p>Se dijo que habr\u00e1 pruebas obligatorias para todos los boxeadores a partir del primero de julio para \u201c<strong><em>garantizar la seguridad de todos los participantes y ofrecer un campo de juego competitivo nivelado para hombres y mujeres\u201d.<\/em><\/strong><\/p>\n<p>El organismo rector anunci\u00f3 que todos los atletas mayores de 18 a\u00f1os deben someterse a una prueba gen\u00e9tica de reacci\u00f3n en cadena de la polimerasa (PCR) en sus competiciones para determinar el sexo al nacer. La prueba PCR detecta material cromos\u00f3mico a trav\u00e9s de un hisopo bucal, saliva o sangre.<\/p>\n<p>Si se determina que un atleta que pretende competir en las categor\u00edas femeninas tiene material cromos\u00f3mico masculino,\u00a0<strong><em>\u201clas evaluaciones iniciales ser\u00e1n remitidas a especialistas cl\u00ednicos independientes para ex\u00e1menes gen\u00e9ticos, perfiles hormonales, ex\u00e1menes anat\u00f3micos u otra valoraci\u00f3n de perfiles endocrinos por especialistas m\u00e9dicos\u201d,\u00a0<\/em><\/strong>dijo World Boxing. La pol\u00edtica tambi\u00e9n incluye un proceso de apelaciones.<\/p>\n<p>Khelif\u00a0<strong>planea defender su medalla de oro en los Juegos de Los \u00c1ngeles<\/strong>, pero algunos boxeadores y sus federaciones ya se han manifestado en contra de su inclusi\u00f3n.<\/p>\n<p>Ten\u00eda la intenci\u00f3n de regresar a la competencia internacional este mes en la Eindhoven Box Cup en los Pa\u00edses Bajos.<\/p>\n<p>&nbsp;<\/p>\n<p>AP<\/p>\n","protected":false},"excerpt":{"rendered":"<p>El presidente de\u00a0World Boxing\u00a0se disculp\u00f3 despu\u00e9s de que la campeona ol\u00edmpica\u00a0Imane Khelif\u00a0fuera se\u00f1alada cuando el organismo anunci\u00f3 que har\u00e1n pruebas obligatorias de sexo. La boxeadora argelina, que gan\u00f3 el oro en los Juegos de Par\u00eds el verano pasado en medio de un intenso escrutinio sobre su elegibilidad, fue mencionada espec\u00edficamente cuando World Boxing public\u00f3 su [&hellip;]<\/p>\n","protected":false},"author":2,"featured_media":220444,"comment_status":"closed","ping_status":"closed","sticky":false,"template":"","format":"standard","meta":{"footnotes":""},"categories":[188,12870],"tags":[5231,12865],"class_list":["post-220443","post","type-post","status-publish","format-standard","has-post-thumbnail","hentry","category-deportes","category-destacadas","tag-deportes","tag-destacadas"],"jetpack_featured_media_url":"https:\/\/rnoticias.com.mx\/Portal\/wp-content\/uploads\/2025\/06\/world_boxing-imane_khelif.png_622933578.webp","amp_enabled":true,"_links":{"self":[{"href":"https:\/\/rnoticias.com.mx\/Portal\/wp-json\/wp\/v2\/posts\/220443","targetHints":{"allow":["GET"]}}],"collection":[{"href":"https:\/\/rnoticias.com.mx\/Portal\/wp-json\/wp\/v2\/posts"}],"about":[{"href":"https:\/\/rnoticias.com.mx\/Portal\/wp-json\/wp\/v2\/types\/post"}],"author":[{"embeddable":true,"href":"https:\/\/rnoticias.com.mx\/Portal\/wp-json\/wp\/v2\/users\/2"}],"replies":[{"embeddable":true,"href":"https:\/\/rnoticias.com.mx\/Portal\/wp-json\/wp\/v2\/comments?post=220443"}],"version-history":[{"count":1,"href":"https:\/\/rnoticias.com.mx\/Portal\/wp-json\/wp\/v2\/posts\/220443\/revisions"}],"predecessor-version":[{"id":220445,"href":"https:\/\/rnoticias.com.mx\/Portal\/wp-json\/wp\/v2\/posts\/220443\/revisions\/220445"}],"wp:featuredmedia":[{"embeddable":true,"href":"https:\/\/rnoticias.com.mx\/Portal\/wp-json\/wp\/v2\/media\/220444"}],"wp:attachment":[{"href":"https:\/\/rnoticias.com.mx\/Portal\/wp-json\/wp\/v2\/media?parent=220443"}],"wp:term":[{"taxonomy":"category","embeddable":true,"href":"https:\/\/rnoticias.com.mx\/Portal\/wp-json\/wp\/v2\/categories?post=220443"},{"taxonomy":"post_tag","embeddable":true,"href":"https:\/\/rnoticias.com.mx\/Portal\/wp-json\/wp\/v2\/tags?post=220443"}],"curies":[{"name":"wp","href":"https:\/\/api.w.org\/{rel}","templated":true}]}}