{"id":220437,"date":"2025-06-03T20:34:03","date_gmt":"2025-06-04T03:34:03","guid":{"rendered":"https:\/\/rnoticias.com.mx\/Portal\/?p=220437"},"modified":"2025-06-03T20:34:03","modified_gmt":"2025-06-04T03:34:03","slug":"rehabilitan-memorial-por-victimas-de-la-guarderia-abc-en-hermosillo","status":"publish","type":"post","link":"https:\/\/rnoticias.com.mx\/Portal\/2025\/06\/03\/rehabilitan-memorial-por-victimas-de-la-guarderia-abc-en-hermosillo\/","title":{"rendered":"Rehabilitan memorial por v\u00edctimas de la Guarder\u00eda ABC en Hermosillo"},"content":{"rendered":"<p>En v\u00edsperas del aniversario luctuoso del incendio en la Guarder\u00eda ABC, este lunes comenzaron los trabajos de rehabilitaci\u00f3n del memorial dedicado a los 49 ni\u00f1os fallecidos en la tragedia.<\/p>\n<p>&nbsp;<\/p>\n<p>Ubicado frente al Palacio de Gobierno, en la plaza Zaragoza, el sitio recibe cada a\u00f1o una atenci\u00f3n especial como acto de memoria y respeto hacia las v\u00edctimas y sus familias.<\/p>\n<p>&nbsp;<\/p>\n<p>Francisca Valenzuela, encargada de coordinar el mantenimiento, explic\u00f3 que las labores incluyen la pintura de las cruces, la reposici\u00f3n de fotograf\u00edas deterioradas y la colocaci\u00f3n de arreglos simb\u00f3licos.<\/p>\n<p>&nbsp;<\/p>\n<p><strong>\u201cEs una forma de dignificar este espacio y honrar la memoria de los peque\u00f1os. Ayer retiramos las fotos anteriores y esta semana se colocar\u00e1n nuevas\u201d, se\u00f1al\u00f3.<\/strong><\/p>\n<p>&nbsp;<\/p>\n<p>El memorial, compuesto por 49 cruces blancas, se ha convertido en un punto de reuni\u00f3n para quienes exigen justicia y verdad por lo ocurrido el 5 de junio de 2009.<\/p>\n<p>&nbsp;<\/p>\n<p>Finalmente mencion\u00f3, que la rehabilitaci\u00f3n anual refuerza el compromiso de mantener viva la memoria de los ni\u00f1os y de no olvidar la deuda pendiente con sus familias.<\/p>\n","protected":false},"excerpt":{"rendered":"<p>En v\u00edsperas del aniversario luctuoso del incendio en la Guarder\u00eda ABC, este lunes comenzaron los trabajos de rehabilitaci\u00f3n del memorial dedicado a los 49 ni\u00f1os fallecidos en la tragedia. &nbsp; Ubicado frente al Palacio de Gobierno, en la plaza Zaragoza, el sitio recibe cada a\u00f1o una atenci\u00f3n especial como acto de memoria y respeto hacia [&hellip;]<\/p>\n","protected":false},"author":2,"featured_media":220438,"comment_status":"closed","ping_status":"closed","sticky":false,"template":"","format":"standard","meta":{"footnotes":""},"categories":[12870,178],"tags":[12865,12869],"class_list":["post-220437","post","type-post","status-publish","format-standard","has-post-thumbnail","hentry","category-destacadas","category-local","tag-destacadas","tag-local"],"jetpack_featured_media_url":"https:\/\/rnoticias.com.mx\/Portal\/wp-content\/uploads\/2025\/06\/abc.jpg","amp_enabled":true,"_links":{"self":[{"href":"https:\/\/rnoticias.com.mx\/Portal\/wp-json\/wp\/v2\/posts\/220437","targetHints":{"allow":["GET"]}}],"collection":[{"href":"https:\/\/rnoticias.com.mx\/Portal\/wp-json\/wp\/v2\/posts"}],"about":[{"href":"https:\/\/rnoticias.com.mx\/Portal\/wp-json\/wp\/v2\/types\/post"}],"author":[{"embeddable":true,"href":"https:\/\/rnoticias.com.mx\/Portal\/wp-json\/wp\/v2\/users\/2"}],"replies":[{"embeddable":true,"href":"https:\/\/rnoticias.com.mx\/Portal\/wp-json\/wp\/v2\/comments?post=220437"}],"version-history":[{"count":1,"href":"https:\/\/rnoticias.com.mx\/Portal\/wp-json\/wp\/v2\/posts\/220437\/revisions"}],"predecessor-version":[{"id":220439,"href":"https:\/\/rnoticias.com.mx\/Portal\/wp-json\/wp\/v2\/posts\/220437\/revisions\/220439"}],"wp:featuredmedia":[{"embeddable":true,"href":"https:\/\/rnoticias.com.mx\/Portal\/wp-json\/wp\/v2\/media\/220438"}],"wp:attachment":[{"href":"https:\/\/rnoticias.com.mx\/Portal\/wp-json\/wp\/v2\/media?parent=220437"}],"wp:term":[{"taxonomy":"category","embeddable":true,"href":"https:\/\/rnoticias.com.mx\/Portal\/wp-json\/wp\/v2\/categories?post=220437"},{"taxonomy":"post_tag","embeddable":true,"href":"https:\/\/rnoticias.com.mx\/Portal\/wp-json\/wp\/v2\/tags?post=220437"}],"curies":[{"name":"wp","href":"https:\/\/api.w.org\/{rel}","templated":true}]}}