{"id":220428,"date":"2025-06-03T20:24:39","date_gmt":"2025-06-04T03:24:39","guid":{"rendered":"https:\/\/rnoticias.com.mx\/Portal\/?p=220428"},"modified":"2025-06-03T20:24:39","modified_gmt":"2025-06-04T03:24:39","slug":"lista-la-convocatoria-para-participar-en-dogo-fest-2025","status":"publish","type":"post","link":"https:\/\/rnoticias.com.mx\/Portal\/2025\/06\/03\/lista-la-convocatoria-para-participar-en-dogo-fest-2025\/","title":{"rendered":"Lista la convocatoria para participar en Dogo Fest 2025"},"content":{"rendered":"<p>Hermosillo, Sonora; 3 de junio, 2025.- Comerciantes de hot dogs que deseen ser parte del esperado Dogo Fest 2025 ya pueden inscribirse gratuitamente, anunci\u00f3 el Ayuntamiento de Hermosillo sobre este evento lleno de sabor y tradici\u00f3n que se llevar\u00e1 a cabo el 6 de julio en la edici\u00f3n 306 de Viactiva, Tu Ciudad, Tu Espacio.<\/p>\n<p>Fernanda Cisneros Rodr\u00edguez, directora de Desarrollo Tur\u00edstico de la Agencia Municipal de Desarrollo Econ\u00f3mico (AMDE), comparti\u00f3 los detalles de este evento que se llevar\u00e1 a cabo en el centro hist\u00f3rico donde se premiar\u00e1 al \u201cMejor Dogo de La H\u201d y \u201cEl Dogo M\u00e1s Creativo\u201d quienes recibir\u00e1n una placa distintiva y un espacio de venta para el Festival del Globo 2025.<\/p>\n<p>\u201cQueremos invitarlos a que se registren, ya tenemos a 25 registrados (25 carretas) y quiero decirles que en la edici\u00f3n pasada fueron 28, entonces creo que es una muy buena se\u00f1al de que son eventos muy abrazados por la gente, pero por supuesto por los comerciantes&#8221;, agreg\u00f3.<\/p>\n<p>Los ganadores de la edici\u00f3n anterior coincidieron que el Dogo Fest se ha convertido en una plataforma real para impulsar nuevos negocios, darles visibilidad y conectar con clientes que tal vez nunca hab\u00edan probado sus productos. Adem\u00e1s, de ser un concurso, es una gran vitrina para mostrar el talento culinario que distingue a Hermosillo.<\/p>\n<p>\u201c\u00cdbamos empezando y no ten\u00edamos nada de clientes, y de ah\u00ed dijimos: va a haber un Dogo Fest, a ver qu\u00e9 sale para impulsar el negocio. Result\u00f3 que estaba la categor\u00eda de creativo y entre mi familia inventamos el Dogo Shanggy, que result\u00f3 ganador\u201d, record\u00f3 con orgullo Fausto Pl\u00e1cido Moreno, creador de Dogos Shanggy.<\/p>\n<p>La evaluaci\u00f3n se har\u00e1 a trav\u00e9s de una boleta especial que utilizar\u00e1n los jueces (chefs), quienes degustar\u00e1n los productos a ciegas y se tomar\u00e1n en cuenta elementos clave como la calidad y textura tanto del pan como de la salchicha y los ingredientes tradicionales como mayonesa, cebolla, tomate y lechuga, adem\u00e1s de cualquier topping especial que eleve la experiencia al siguiente nivel.<\/p>\n<p>\u201cNosotros s\u00ed tuvimos bastantes clientes nuevos que no hab\u00edan probado nuestro hot dog tanto aqu\u00ed en el evento como en la sucursal, fue una experiencia muy padre, algo que no nos imaginamos y s\u00ed nos sirvi\u00f3 mucho. Yo creo que entramos como 3 semanas antes del evento\u201d, Liliana Soto Garc\u00eda, de Dogos El Cach\u00e1n.<\/p>\n<p>Durante el evento tambi\u00e9n se rendir\u00e1 homenaje a la \u201cPanader\u00eda Tres Milagros\u201d \u00edcono del sabor hermosillense y pioneros del pan de hot dog que ha definido el estilo \u00fanico de la capital de Sonora frente al resto del pa\u00eds. Un reconocimiento merecido para quienes moldearon este emblema gastron\u00f3mico.<\/p>\n<p>En la rueda de prensa tambi\u00e9n participaron Michelle Garc\u00eda, chef de CEUNO, y Liliana Soto Garc\u00eda, representante de Dogos El Cach\u00e1n, quienes en la edici\u00f3n pasada se llevaron el t\u00edtulo al \u201cMejor Dogo de La H\u201d-<\/p>\n<p>Detalles<br \/>\n* Inscripci\u00f3n gratuita al n\u00famero: 662 2 90 92 33<br \/>\n* Indispensable contar con un punto de venta<br \/>\n* Ganadores del \u201cMejor Dogo de La H\u201d y \u201cEl Dogo M\u00e1s Creativo\u201d, recibir\u00e1n una placa distintiva y un espacio gratuito de venta durante el Festival del Globo 2025.<\/p>\n","protected":false},"excerpt":{"rendered":"<p>Hermosillo, Sonora; 3 de junio, 2025.- Comerciantes de hot dogs que deseen ser parte del esperado Dogo Fest 2025 ya pueden inscribirse gratuitamente, anunci\u00f3 el Ayuntamiento de Hermosillo sobre este evento lleno de sabor y tradici\u00f3n que se llevar\u00e1 a cabo el 6 de julio en la edici\u00f3n 306 de Viactiva, Tu Ciudad, Tu Espacio. [&hellip;]<\/p>\n","protected":false},"author":2,"featured_media":220429,"comment_status":"closed","ping_status":"closed","sticky":false,"template":"","format":"standard","meta":{"footnotes":""},"categories":[12870,178],"tags":[12865,12869],"class_list":["post-220428","post","type-post","status-publish","format-standard","has-post-thumbnail","hentry","category-destacadas","category-local","tag-destacadas","tag-local"],"jetpack_featured_media_url":"https:\/\/rnoticias.com.mx\/Portal\/wp-content\/uploads\/2025\/06\/37896829-5b3f-4fdf-9f0c-36afb55f940a.jpg","amp_enabled":true,"_links":{"self":[{"href":"https:\/\/rnoticias.com.mx\/Portal\/wp-json\/wp\/v2\/posts\/220428","targetHints":{"allow":["GET"]}}],"collection":[{"href":"https:\/\/rnoticias.com.mx\/Portal\/wp-json\/wp\/v2\/posts"}],"about":[{"href":"https:\/\/rnoticias.com.mx\/Portal\/wp-json\/wp\/v2\/types\/post"}],"author":[{"embeddable":true,"href":"https:\/\/rnoticias.com.mx\/Portal\/wp-json\/wp\/v2\/users\/2"}],"replies":[{"embeddable":true,"href":"https:\/\/rnoticias.com.mx\/Portal\/wp-json\/wp\/v2\/comments?post=220428"}],"version-history":[{"count":1,"href":"https:\/\/rnoticias.com.mx\/Portal\/wp-json\/wp\/v2\/posts\/220428\/revisions"}],"predecessor-version":[{"id":220430,"href":"https:\/\/rnoticias.com.mx\/Portal\/wp-json\/wp\/v2\/posts\/220428\/revisions\/220430"}],"wp:featuredmedia":[{"embeddable":true,"href":"https:\/\/rnoticias.com.mx\/Portal\/wp-json\/wp\/v2\/media\/220429"}],"wp:attachment":[{"href":"https:\/\/rnoticias.com.mx\/Portal\/wp-json\/wp\/v2\/media?parent=220428"}],"wp:term":[{"taxonomy":"category","embeddable":true,"href":"https:\/\/rnoticias.com.mx\/Portal\/wp-json\/wp\/v2\/categories?post=220428"},{"taxonomy":"post_tag","embeddable":true,"href":"https:\/\/rnoticias.com.mx\/Portal\/wp-json\/wp\/v2\/tags?post=220428"}],"curies":[{"name":"wp","href":"https:\/\/api.w.org\/{rel}","templated":true}]}}