{"id":220425,"date":"2025-06-03T20:23:15","date_gmt":"2025-06-04T03:23:15","guid":{"rendered":"https:\/\/rnoticias.com.mx\/Portal\/?p=220425"},"modified":"2025-06-03T20:23:15","modified_gmt":"2025-06-04T03:23:15","slug":"realizan-censo-pesquero-en-sonora-para-reorganizar-y-fortalecer-el-sector","status":"publish","type":"post","link":"https:\/\/rnoticias.com.mx\/Portal\/2025\/06\/03\/realizan-censo-pesquero-en-sonora-para-reorganizar-y-fortalecer-el-sector\/","title":{"rendered":"Realizan censo pesquero en Sonora para reorganizar y fortalecer el sector"},"content":{"rendered":"<div data-olk-copy-source=\"MessageBody\">La titular de la Comisi\u00f3n de Pesca y Acuacultura de Sonora, C\u00e9lida L\u00f3pez C\u00e1rdenas, anunci\u00f3 que con el censo pesquero que realizan en el estado, ya han identificado en el Golfo de Santa Clara, a m\u00e1s de 866 pescadores.<\/div>\n<div aria-hidden=\"true\"><\/div>\n<div>La funcionaria estatal, se\u00f1al\u00f3 que el principal reto es la desorganizaci\u00f3n del sector y por ese motivo es que se busca la forma de tenerlos a todos identificados y ayudarles tambi\u00e9n a mejorar su actividad econ\u00f3mica.<\/div>\n<div><\/div>\n<div><b>\u201cEl problema con los pescadores es que no sabemos cu\u00e1ntos son, cuantos son pescadores libres y por eso empezamos a hacer este censo que nos instruy\u00f3 el Gobernador. No ha sido sencillo porque la comunidad pesquera trabaja en diferentes horarios\u201d, cont\u00f3.<\/b><\/div>\n<div aria-hidden=\"true\"><\/div>\n<div>Precis\u00f3, que una vez que se cuente con ese censo pesquero, se podr\u00e1n realizar mecanismos o programas de acompa\u00f1amiento y puedan vender mucho mejor su producci\u00f3n.<\/div>\n","protected":false},"excerpt":{"rendered":"<p>La titular de la Comisi\u00f3n de Pesca y Acuacultura de Sonora, C\u00e9lida L\u00f3pez C\u00e1rdenas, anunci\u00f3 que con el censo pesquero que realizan en el estado, ya han identificado en el Golfo de Santa Clara, a m\u00e1s de 866 pescadores. La funcionaria estatal, se\u00f1al\u00f3 que el principal reto es la desorganizaci\u00f3n del sector y por ese [&hellip;]<\/p>\n","protected":false},"author":2,"featured_media":220426,"comment_status":"closed","ping_status":"closed","sticky":false,"template":"","format":"standard","meta":{"footnotes":""},"categories":[12870,174],"tags":[12865,12873],"class_list":["post-220425","post","type-post","status-publish","format-standard","has-post-thumbnail","hentry","category-destacadas","category-estatal","tag-destacadas","tag-estatal"],"jetpack_featured_media_url":"https:\/\/rnoticias.com.mx\/Portal\/wp-content\/uploads\/2025\/06\/pesca.webp","amp_enabled":true,"_links":{"self":[{"href":"https:\/\/rnoticias.com.mx\/Portal\/wp-json\/wp\/v2\/posts\/220425","targetHints":{"allow":["GET"]}}],"collection":[{"href":"https:\/\/rnoticias.com.mx\/Portal\/wp-json\/wp\/v2\/posts"}],"about":[{"href":"https:\/\/rnoticias.com.mx\/Portal\/wp-json\/wp\/v2\/types\/post"}],"author":[{"embeddable":true,"href":"https:\/\/rnoticias.com.mx\/Portal\/wp-json\/wp\/v2\/users\/2"}],"replies":[{"embeddable":true,"href":"https:\/\/rnoticias.com.mx\/Portal\/wp-json\/wp\/v2\/comments?post=220425"}],"version-history":[{"count":1,"href":"https:\/\/rnoticias.com.mx\/Portal\/wp-json\/wp\/v2\/posts\/220425\/revisions"}],"predecessor-version":[{"id":220427,"href":"https:\/\/rnoticias.com.mx\/Portal\/wp-json\/wp\/v2\/posts\/220425\/revisions\/220427"}],"wp:featuredmedia":[{"embeddable":true,"href":"https:\/\/rnoticias.com.mx\/Portal\/wp-json\/wp\/v2\/media\/220426"}],"wp:attachment":[{"href":"https:\/\/rnoticias.com.mx\/Portal\/wp-json\/wp\/v2\/media?parent=220425"}],"wp:term":[{"taxonomy":"category","embeddable":true,"href":"https:\/\/rnoticias.com.mx\/Portal\/wp-json\/wp\/v2\/categories?post=220425"},{"taxonomy":"post_tag","embeddable":true,"href":"https:\/\/rnoticias.com.mx\/Portal\/wp-json\/wp\/v2\/tags?post=220425"}],"curies":[{"name":"wp","href":"https:\/\/api.w.org\/{rel}","templated":true}]}}