{"id":220422,"date":"2025-06-03T20:22:16","date_gmt":"2025-06-04T03:22:16","guid":{"rendered":"https:\/\/rnoticias.com.mx\/Portal\/?p=220422"},"modified":"2025-06-03T20:22:16","modified_gmt":"2025-06-04T03:22:16","slug":"alertan-por-creciente-presencia-de-drones-en-zonas-restringidas-del-aeropuerto-de-hermosillo","status":"publish","type":"post","link":"https:\/\/rnoticias.com.mx\/Portal\/2025\/06\/03\/alertan-por-creciente-presencia-de-drones-en-zonas-restringidas-del-aeropuerto-de-hermosillo\/","title":{"rendered":"Alertan por creciente presencia de drones en zonas restringidas del Aeropuerto de Hermosillo"},"content":{"rendered":"<div data-olk-copy-source=\"MessageBody\">El Aeropuerto Internacional de Hermosillo enfrenta desaf\u00edos crecientes por la proliferaci\u00f3n de drones en sus inmediaciones, lo que ha encendido alertas entre las autoridades de seguridad a\u00e9rea, reconoci\u00f3 el Comandante de esa terminal a\u00e9rea.<\/div>\n<div aria-hidden=\"true\"><\/div>\n<div>Hugo L\u00f3pez Castro, destac\u00f3 que, aunque no se han registrado incidentes graves, existe la urgencia de prevenir posibles riesgos derivados del uso irresponsable de estas aeronaves no tripuladas.<\/div>\n<div><\/div>\n<div><b>\u201cEstamos teniendo muchos problemas con los drones, ahorita vamos a tratar ese tema, invitaremos a la gente para hacer una reuni\u00f3n muy particular y aunque ya se est\u00e1n haciendo cosas necesitamos reforzar este medio. Por desgracia las legislaciones no est\u00e1n caminando tan r\u00e1pido como si est\u00e1 creciendo la tecnolog\u00eda y ese es el problema que tenemos actualmente\u201d, afirm\u00f3.<\/b><\/div>\n<div aria-hidden=\"true\"><\/div>\n<div>A\u00f1adi\u00f3, que actualmente, existen lineamientos oficiales para operar drones, como el registro, seguros y certificaciones, pero su cumplimiento ha sido limitado debido a la falta de mecanismos sancionatorios claros.<\/div>\n<div aria-hidden=\"true\"><\/div>\n<div>Ante este panorama, L\u00f3pez Castro resalt\u00f3 que se impulsar\u00e1n encuentros informativos con la ciudadan\u00eda para fomentar un uso consciente y legal de los drones.<\/div>\n","protected":false},"excerpt":{"rendered":"<p>El Aeropuerto Internacional de Hermosillo enfrenta desaf\u00edos crecientes por la proliferaci\u00f3n de drones en sus inmediaciones, lo que ha encendido alertas entre las autoridades de seguridad a\u00e9rea, reconoci\u00f3 el Comandante de esa terminal a\u00e9rea. Hugo L\u00f3pez Castro, destac\u00f3 que, aunque no se han registrado incidentes graves, existe la urgencia de prevenir posibles riesgos derivados del [&hellip;]<\/p>\n","protected":false},"author":2,"featured_media":220423,"comment_status":"closed","ping_status":"closed","sticky":false,"template":"","format":"standard","meta":{"footnotes":""},"categories":[12870,178],"tags":[12865,12869],"class_list":["post-220422","post","type-post","status-publish","format-standard","has-post-thumbnail","hentry","category-destacadas","category-local","tag-destacadas","tag-local"],"jetpack_featured_media_url":"https:\/\/rnoticias.com.mx\/Portal\/wp-content\/uploads\/2025\/06\/dron-en-aeropuerto.jpg","amp_enabled":true,"_links":{"self":[{"href":"https:\/\/rnoticias.com.mx\/Portal\/wp-json\/wp\/v2\/posts\/220422","targetHints":{"allow":["GET"]}}],"collection":[{"href":"https:\/\/rnoticias.com.mx\/Portal\/wp-json\/wp\/v2\/posts"}],"about":[{"href":"https:\/\/rnoticias.com.mx\/Portal\/wp-json\/wp\/v2\/types\/post"}],"author":[{"embeddable":true,"href":"https:\/\/rnoticias.com.mx\/Portal\/wp-json\/wp\/v2\/users\/2"}],"replies":[{"embeddable":true,"href":"https:\/\/rnoticias.com.mx\/Portal\/wp-json\/wp\/v2\/comments?post=220422"}],"version-history":[{"count":1,"href":"https:\/\/rnoticias.com.mx\/Portal\/wp-json\/wp\/v2\/posts\/220422\/revisions"}],"predecessor-version":[{"id":220424,"href":"https:\/\/rnoticias.com.mx\/Portal\/wp-json\/wp\/v2\/posts\/220422\/revisions\/220424"}],"wp:featuredmedia":[{"embeddable":true,"href":"https:\/\/rnoticias.com.mx\/Portal\/wp-json\/wp\/v2\/media\/220423"}],"wp:attachment":[{"href":"https:\/\/rnoticias.com.mx\/Portal\/wp-json\/wp\/v2\/media?parent=220422"}],"wp:term":[{"taxonomy":"category","embeddable":true,"href":"https:\/\/rnoticias.com.mx\/Portal\/wp-json\/wp\/v2\/categories?post=220422"},{"taxonomy":"post_tag","embeddable":true,"href":"https:\/\/rnoticias.com.mx\/Portal\/wp-json\/wp\/v2\/tags?post=220422"}],"curies":[{"name":"wp","href":"https:\/\/api.w.org\/{rel}","templated":true}]}}