{"id":220419,"date":"2025-06-03T20:17:42","date_gmt":"2025-06-04T03:17:42","guid":{"rendered":"https:\/\/rnoticias.com.mx\/Portal\/?p=220419"},"modified":"2025-06-03T20:17:42","modified_gmt":"2025-06-04T03:17:42","slug":"previene-gobierno-de-sonora-conductas-antisociales-entre-jovenes-de-slrc","status":"publish","type":"post","link":"https:\/\/rnoticias.com.mx\/Portal\/2025\/06\/03\/previene-gobierno-de-sonora-conductas-antisociales-entre-jovenes-de-slrc\/","title":{"rendered":"Previene Gobierno de Sonora conductas antisociales entre j\u00f3venes de SLRC"},"content":{"rendered":"<p align=\"left\">San Luis R\u00edo Colorado, Sonora; 3 de junio de 2025.- Con el prop\u00f3sito de concientizar a la juventud sobre los riesgos y consecuencias legales de las conductas antisociales, el Gobierno de Sonora, con el apoyo del personal de la Secretar\u00eda de Seguridad P\u00fablica (SSP), imparti\u00f3 una pl\u00e1tica de prevenci\u00f3n a estudiantes de los planteles educativos Cetmar y Conalep en San Luis R\u00edo Colorado.<\/p>\n<p align=\"left\">Como parte de las acciones de prevenci\u00f3n que desarrolla la presente administraci\u00f3n estatal, se ofrecen sesiones informativas mediante las cuales se sensibiliza a las y los j\u00f3venes del Colegio Nacional de Educaci\u00f3n Profesional T\u00e9cnica y del Centro de Estudios Tecnol\u00f3gicos del Mar sobre los peligros de incurrir en conductas delictivas.<\/p>\n<p align=\"left\">La SSP, a trav\u00e9s del Instituto de Tratamiento y de Aplicaci\u00f3n de Medidas para Adolescentes (Itama), llev\u00f3 la Jornada Juvenil por la Paz a los centros educativos de la ciudad fronteriza, mediante la cual se expusieron las repercusiones legales de participar en hechos delictivos.<\/p>\n<p align=\"left\">Durante las sesiones, Christian Eduardo Tapia Gonz\u00e1lez e Israel Guti\u00e9rrez Herrera, director y psic\u00f3logo del Centro Especializado de Internamiento y Externamiento de Itama en San Luis R\u00edo Colorado, respectivamente, impartieron la charla a la poblaci\u00f3n estudiantil, promoviendo la pr\u00e1ctica de valores, el deporte y la sana convivencia.<\/p>\n","protected":false},"excerpt":{"rendered":"<p>San Luis R\u00edo Colorado, Sonora; 3 de junio de 2025.- Con el prop\u00f3sito de concientizar a la juventud sobre los riesgos y consecuencias legales de las conductas antisociales, el Gobierno de Sonora, con el apoyo del personal de la Secretar\u00eda de Seguridad P\u00fablica (SSP), imparti\u00f3 una pl\u00e1tica de prevenci\u00f3n a estudiantes de los planteles educativos [&hellip;]<\/p>\n","protected":false},"author":2,"featured_media":220420,"comment_status":"closed","ping_status":"closed","sticky":false,"template":"","format":"standard","meta":{"footnotes":""},"categories":[12870,174],"tags":[12865,12873],"class_list":["post-220419","post","type-post","status-publish","format-standard","has-post-thumbnail","hentry","category-destacadas","category-estatal","tag-destacadas","tag-estatal"],"jetpack_featured_media_url":"https:\/\/rnoticias.com.mx\/Portal\/wp-content\/uploads\/2025\/06\/unnamed-5.jpg","amp_enabled":true,"_links":{"self":[{"href":"https:\/\/rnoticias.com.mx\/Portal\/wp-json\/wp\/v2\/posts\/220419","targetHints":{"allow":["GET"]}}],"collection":[{"href":"https:\/\/rnoticias.com.mx\/Portal\/wp-json\/wp\/v2\/posts"}],"about":[{"href":"https:\/\/rnoticias.com.mx\/Portal\/wp-json\/wp\/v2\/types\/post"}],"author":[{"embeddable":true,"href":"https:\/\/rnoticias.com.mx\/Portal\/wp-json\/wp\/v2\/users\/2"}],"replies":[{"embeddable":true,"href":"https:\/\/rnoticias.com.mx\/Portal\/wp-json\/wp\/v2\/comments?post=220419"}],"version-history":[{"count":1,"href":"https:\/\/rnoticias.com.mx\/Portal\/wp-json\/wp\/v2\/posts\/220419\/revisions"}],"predecessor-version":[{"id":220421,"href":"https:\/\/rnoticias.com.mx\/Portal\/wp-json\/wp\/v2\/posts\/220419\/revisions\/220421"}],"wp:featuredmedia":[{"embeddable":true,"href":"https:\/\/rnoticias.com.mx\/Portal\/wp-json\/wp\/v2\/media\/220420"}],"wp:attachment":[{"href":"https:\/\/rnoticias.com.mx\/Portal\/wp-json\/wp\/v2\/media?parent=220419"}],"wp:term":[{"taxonomy":"category","embeddable":true,"href":"https:\/\/rnoticias.com.mx\/Portal\/wp-json\/wp\/v2\/categories?post=220419"},{"taxonomy":"post_tag","embeddable":true,"href":"https:\/\/rnoticias.com.mx\/Portal\/wp-json\/wp\/v2\/tags?post=220419"}],"curies":[{"name":"wp","href":"https:\/\/api.w.org\/{rel}","templated":true}]}}