{"id":220413,"date":"2025-06-03T20:13:55","date_gmt":"2025-06-04T03:13:55","guid":{"rendered":"https:\/\/rnoticias.com.mx\/Portal\/?p=220413"},"modified":"2025-06-03T20:13:55","modified_gmt":"2025-06-04T03:13:55","slug":"invertira-mas-de-mil-millones-de-pesos-en-aeropuerto-de-hermosillo","status":"publish","type":"post","link":"https:\/\/rnoticias.com.mx\/Portal\/2025\/06\/03\/invertira-mas-de-mil-millones-de-pesos-en-aeropuerto-de-hermosillo\/","title":{"rendered":"Invertir\u00e1 m\u00e1s de mil millones de pesos en aeropuerto de Hermosillo"},"content":{"rendered":"<div data-olk-copy-source=\"MessageBody\">Grupo Aeroportuario del Pac\u00edfico (GAP) anunci\u00f3 una inversi\u00f3n de mil 76 millones de pesos para la ampliaci\u00f3n y modernizaci\u00f3n de la terminal de Hermosillo durante el periodo 2025-2029.<\/div>\n<div aria-hidden=\"true\"><\/div>\n<div aria-hidden=\"true\"><\/div>\n<div>Omar Gildardo Torres Grajeda, director del Aeropuerto Internacional de Hermosillo, inform\u00f3 que esa cifra representa la mayor inversi\u00f3n realizada en toda la historia de esa terminal a\u00e9rea.<\/div>\n<div aria-hidden=\"true\"><\/div>\n<div><\/div>\n<div>\u201cEsos mil 76 millones de pesos se resumen en una ampliaci\u00f3n de 71 por ciento de la sala de \u00faltima espera para generar nosotros \u00e1reas m\u00e1s amplias y poder recibir incrementos de frecuencias y nuevas rutas\u201d, dijo.<\/div>\n<div aria-hidden=\"true\"><\/div>\n<div aria-hidden=\"true\"><\/div>\n<div>Tambi\u00e9n se contempla la construcci\u00f3n de m\u00e1s de 10 mil metros cuadrados adicionales de plataforma, lo que permitir\u00e1 la incorporaci\u00f3n de dos nuevas posiciones para aeronaves comerciales.<\/div>\n<div aria-hidden=\"true\"><\/div>\n<div>Finalmente se ampliar\u00e1 la zona del handling, con un crecimiento del 157% en su extensi\u00f3n, fortaleciendo los servicios de atenci\u00f3n en tierra que se brindan a las aeronaves entre su llegada y salida.<\/div>\n","protected":false},"excerpt":{"rendered":"<p>Grupo Aeroportuario del Pac\u00edfico (GAP) anunci\u00f3 una inversi\u00f3n de mil 76 millones de pesos para la ampliaci\u00f3n y modernizaci\u00f3n de la terminal de Hermosillo durante el periodo 2025-2029. Omar Gildardo Torres Grajeda, director del Aeropuerto Internacional de Hermosillo, inform\u00f3 que esa cifra representa la mayor inversi\u00f3n realizada en toda la historia de esa terminal a\u00e9rea. [&hellip;]<\/p>\n","protected":false},"author":2,"featured_media":220414,"comment_status":"closed","ping_status":"closed","sticky":false,"template":"","format":"standard","meta":{"footnotes":""},"categories":[12870,178],"tags":[12865,12869],"class_list":["post-220413","post","type-post","status-publish","format-standard","has-post-thumbnail","hentry","category-destacadas","category-local","tag-destacadas","tag-local"],"jetpack_featured_media_url":"https:\/\/rnoticias.com.mx\/Portal\/wp-content\/uploads\/2025\/06\/Para_blog.jpg","amp_enabled":true,"_links":{"self":[{"href":"https:\/\/rnoticias.com.mx\/Portal\/wp-json\/wp\/v2\/posts\/220413","targetHints":{"allow":["GET"]}}],"collection":[{"href":"https:\/\/rnoticias.com.mx\/Portal\/wp-json\/wp\/v2\/posts"}],"about":[{"href":"https:\/\/rnoticias.com.mx\/Portal\/wp-json\/wp\/v2\/types\/post"}],"author":[{"embeddable":true,"href":"https:\/\/rnoticias.com.mx\/Portal\/wp-json\/wp\/v2\/users\/2"}],"replies":[{"embeddable":true,"href":"https:\/\/rnoticias.com.mx\/Portal\/wp-json\/wp\/v2\/comments?post=220413"}],"version-history":[{"count":1,"href":"https:\/\/rnoticias.com.mx\/Portal\/wp-json\/wp\/v2\/posts\/220413\/revisions"}],"predecessor-version":[{"id":220415,"href":"https:\/\/rnoticias.com.mx\/Portal\/wp-json\/wp\/v2\/posts\/220413\/revisions\/220415"}],"wp:featuredmedia":[{"embeddable":true,"href":"https:\/\/rnoticias.com.mx\/Portal\/wp-json\/wp\/v2\/media\/220414"}],"wp:attachment":[{"href":"https:\/\/rnoticias.com.mx\/Portal\/wp-json\/wp\/v2\/media?parent=220413"}],"wp:term":[{"taxonomy":"category","embeddable":true,"href":"https:\/\/rnoticias.com.mx\/Portal\/wp-json\/wp\/v2\/categories?post=220413"},{"taxonomy":"post_tag","embeddable":true,"href":"https:\/\/rnoticias.com.mx\/Portal\/wp-json\/wp\/v2\/tags?post=220413"}],"curies":[{"name":"wp","href":"https:\/\/api.w.org\/{rel}","templated":true}]}}