{"id":220397,"date":"2025-06-03T16:18:44","date_gmt":"2025-06-03T23:18:44","guid":{"rendered":"https:\/\/rnoticias.com.mx\/Portal\/?p=220397"},"modified":"2025-06-03T16:18:44","modified_gmt":"2025-06-03T23:18:44","slug":"fortalece-gobierno-de-sonora-acciones-preventivas-ante-temporada-de-calor","status":"publish","type":"post","link":"https:\/\/rnoticias.com.mx\/Portal\/2025\/06\/03\/fortalece-gobierno-de-sonora-acciones-preventivas-ante-temporada-de-calor\/","title":{"rendered":"Fortalece Gobierno de Sonora acciones preventivas ante temporada de calor"},"content":{"rendered":"<p align=\"left\">Hermosillo, Sonora; 3 de junio de 2025.\u2013 En seguimiento a las pol\u00edticas p\u00fablicas del Gobierno de Sonora para salvaguardar la salud y el bienestar de la poblaci\u00f3n, se fortalecen las acciones encaminadas a mitigar los riesgos asociados a las altas temperaturas, particularmente entre las personas que realizan actividades al aire libre o se encuentran en condiciones de mayor vulnerabilidad, mediante jornadas de capacitaci\u00f3n orientadas a la prevenci\u00f3n.<\/p>\n<p align=\"left\">La Secretar\u00eda de Salud P\u00fablica del Estado de Sonora (SSP), como eje rector del sector salud en la entidad, informa que, con el objetivo de generar entornos m\u00e1s seguros y disminuir la probabilidad de enfermedades y defunciones por golpes de calor o deshidrataci\u00f3n, se proporcionaron herramientas t\u00e9cnicas e informativas a l\u00edderes comunitarios, responsables de grupos de trabajo, personal operativo y poblaci\u00f3n en general, para identificar riesgos y establecer planes de actuaci\u00f3n adecuados durante esta temporada.<\/p>\n<p align=\"left\">Asimismo, se brindaron contenidos pr\u00e1cticos que facilitan la comprensi\u00f3n, prevenci\u00f3n y gesti\u00f3n de los efectos del calor extremo, a trav\u00e9s de la promoci\u00f3n de medidas como la hidrataci\u00f3n constante, el uso de ropa ligera y adecuada, la identificaci\u00f3n temprana de s\u00edntomas de insolaci\u00f3n y la reprogramaci\u00f3n de actividades en horarios con menor exposici\u00f3n solar.<\/p>\n<p align=\"left\">Para prevenir el golpe de calor, la SSP recomienda evitar la exposici\u00f3n directa al sol entre las 11:00 y las 17:00 horas, vestir ropa de colores claros, mantenerse en espacios ventilados o con aire acondicionado y beber agua frecuentemente, aun sin sentir sed. Tambi\u00e9n se aconseja evitar bebidas alcoh\u00f3licas o con alto contenido de az\u00facar, ya que favorecen la deshidrataci\u00f3n.<\/p>\n<p align=\"left\">En caso de identificar a una posible v\u00edctima de golpe de calor, es fundamental aplicar los primeros auxilios en el siguiente orden: primero, llamar al 911 o al n\u00famero local de emergencias; segundo, trasladar a la persona a un sitio fresco y con sombra; tercero, retirarle el exceso de ropa, si es necesario; y cuarto, enfriarla utilizando agua fresca, pa\u00f1os h\u00famedos o ventiladores, mientras llega la atenci\u00f3n m\u00e9dica.<\/p>\n<p align=\"left\">La Secretar\u00eda de Salud P\u00fablica reitera su compromiso con la promoci\u00f3n de entornos saludables, la prevenci\u00f3n oportuna y la protecci\u00f3n integral de las y los sonorenses, con un trabajo a ras de suelo y de forma coordinada con otras instancias para construir comunidades m\u00e1s resilientes ante los efectos del cambio clim\u00e1tico.<\/p>\n","protected":false},"excerpt":{"rendered":"<p>Hermosillo, Sonora; 3 de junio de 2025.\u2013 En seguimiento a las pol\u00edticas p\u00fablicas del Gobierno de Sonora para salvaguardar la salud y el bienestar de la poblaci\u00f3n, se fortalecen las acciones encaminadas a mitigar los riesgos asociados a las altas temperaturas, particularmente entre las personas que realizan actividades al aire libre o se encuentran en [&hellip;]<\/p>\n","protected":false},"author":2,"featured_media":220398,"comment_status":"closed","ping_status":"closed","sticky":false,"template":"","format":"standard","meta":{"footnotes":""},"categories":[12870,178],"tags":[12865,12869],"class_list":["post-220397","post","type-post","status-publish","format-standard","has-post-thumbnail","hentry","category-destacadas","category-local","tag-destacadas","tag-local"],"jetpack_featured_media_url":"https:\/\/rnoticias.com.mx\/Portal\/wp-content\/uploads\/2025\/06\/unnamed-4.jpg","amp_enabled":true,"_links":{"self":[{"href":"https:\/\/rnoticias.com.mx\/Portal\/wp-json\/wp\/v2\/posts\/220397","targetHints":{"allow":["GET"]}}],"collection":[{"href":"https:\/\/rnoticias.com.mx\/Portal\/wp-json\/wp\/v2\/posts"}],"about":[{"href":"https:\/\/rnoticias.com.mx\/Portal\/wp-json\/wp\/v2\/types\/post"}],"author":[{"embeddable":true,"href":"https:\/\/rnoticias.com.mx\/Portal\/wp-json\/wp\/v2\/users\/2"}],"replies":[{"embeddable":true,"href":"https:\/\/rnoticias.com.mx\/Portal\/wp-json\/wp\/v2\/comments?post=220397"}],"version-history":[{"count":1,"href":"https:\/\/rnoticias.com.mx\/Portal\/wp-json\/wp\/v2\/posts\/220397\/revisions"}],"predecessor-version":[{"id":220399,"href":"https:\/\/rnoticias.com.mx\/Portal\/wp-json\/wp\/v2\/posts\/220397\/revisions\/220399"}],"wp:featuredmedia":[{"embeddable":true,"href":"https:\/\/rnoticias.com.mx\/Portal\/wp-json\/wp\/v2\/media\/220398"}],"wp:attachment":[{"href":"https:\/\/rnoticias.com.mx\/Portal\/wp-json\/wp\/v2\/media?parent=220397"}],"wp:term":[{"taxonomy":"category","embeddable":true,"href":"https:\/\/rnoticias.com.mx\/Portal\/wp-json\/wp\/v2\/categories?post=220397"},{"taxonomy":"post_tag","embeddable":true,"href":"https:\/\/rnoticias.com.mx\/Portal\/wp-json\/wp\/v2\/tags?post=220397"}],"curies":[{"name":"wp","href":"https:\/\/api.w.org\/{rel}","templated":true}]}}