{"id":220361,"date":"2025-06-02T16:32:19","date_gmt":"2025-06-02T23:32:19","guid":{"rendered":"https:\/\/rnoticias.com.mx\/Portal\/?p=220361"},"modified":"2025-06-02T16:32:19","modified_gmt":"2025-06-02T23:32:19","slug":"cateo-positivo-permite-aseguramiento-de-vehiculos-con-reporte-de-robo-en-hermosillo","status":"publish","type":"post","link":"https:\/\/rnoticias.com.mx\/Portal\/2025\/06\/02\/cateo-positivo-permite-aseguramiento-de-vehiculos-con-reporte-de-robo-en-hermosillo\/","title":{"rendered":"Cateo positivo permite aseguramiento de veh\u00edculos con reporte de robo en Hermosillo"},"content":{"rendered":"<p>Hermosillo, Sonora, 2 de junio de 2025.- Derivado de acciones de investigaci\u00f3n relacionadas con el delito de robo de veh\u00edculo, personal de la Agencia Ministerial de Investigaci\u00f3n Criminal (AMIC) realiz\u00f3 una diligencia de cateo en un inmueble ubicado en la colonia Palo Verde, en Hermosillo, asegurando dos autom\u00f3viles y una placa vehicular con reporte de robo.<\/p>\n<p>En este domicilio, el pasado 24 de mayo, ya se hab\u00eda realizado un cateo con resultados positivos, logrando entonces la recuperaci\u00f3n de un veh\u00edculo y diversa documentaci\u00f3n. En seguimiento a la carpeta de investigaci\u00f3n, el 31 de mayo se realiz\u00f3 una segunda intervenci\u00f3n en el sitio, obteniendo de nueva cuenta resultados relevantes.<\/p>\n<p>El inmueble cateado est\u00e1 vinculado con Antonio \u201cN\u201d, de 42 a\u00f1os, quien se encuentra actualmente internado en el CERESO Hermosillo, y a quien ya le fueron ejecutadas tres \u00f3rdenes de aprehensi\u00f3n por robo de veh\u00edculo el pasado 25 de mayo.<\/p>\n<p>Los indicios asegurados fueron un Chevrolet Cruze, modelo 2011, con reporte de robo vigente en Hermosillo; un Chevrolet Cruze, modelo 2012, con piezas instaladas del veh\u00edculo anterior; as\u00ed como una placa vehicular del estado de Sonora reportada como robada el 8 de diciembre de 2024.<\/p>\n<p>La Fiscal\u00eda General de Justicia del Estado de Sonora (FGJES) ratifica su compromiso de continuar con las acciones operativas y de procuraci\u00f3n de justicia para combatir el robo de veh\u00edculos y garantizar la restituci\u00f3n del patrimonio a las v\u00edctimas.<\/p>\n","protected":false},"excerpt":{"rendered":"<p>Hermosillo, Sonora, 2 de junio de 2025.- Derivado de acciones de investigaci\u00f3n relacionadas con el delito de robo de veh\u00edculo, personal de la Agencia Ministerial de Investigaci\u00f3n Criminal (AMIC) realiz\u00f3 una diligencia de cateo en un inmueble ubicado en la colonia Palo Verde, en Hermosillo, asegurando dos autom\u00f3viles y una placa vehicular con reporte de [&hellip;]<\/p>\n","protected":false},"author":2,"featured_media":220362,"comment_status":"closed","ping_status":"closed","sticky":false,"template":"","format":"standard","meta":{"footnotes":""},"categories":[12870,178],"tags":[12865,12869],"class_list":["post-220361","post","type-post","status-publish","format-standard","has-post-thumbnail","hentry","category-destacadas","category-local","tag-destacadas","tag-local"],"jetpack_featured_media_url":"https:\/\/rnoticias.com.mx\/Portal\/wp-content\/uploads\/2025\/06\/a2b3d4ad-2965-4d29-867f-c6dff31c3c67.jpg","amp_enabled":true,"_links":{"self":[{"href":"https:\/\/rnoticias.com.mx\/Portal\/wp-json\/wp\/v2\/posts\/220361","targetHints":{"allow":["GET"]}}],"collection":[{"href":"https:\/\/rnoticias.com.mx\/Portal\/wp-json\/wp\/v2\/posts"}],"about":[{"href":"https:\/\/rnoticias.com.mx\/Portal\/wp-json\/wp\/v2\/types\/post"}],"author":[{"embeddable":true,"href":"https:\/\/rnoticias.com.mx\/Portal\/wp-json\/wp\/v2\/users\/2"}],"replies":[{"embeddable":true,"href":"https:\/\/rnoticias.com.mx\/Portal\/wp-json\/wp\/v2\/comments?post=220361"}],"version-history":[{"count":1,"href":"https:\/\/rnoticias.com.mx\/Portal\/wp-json\/wp\/v2\/posts\/220361\/revisions"}],"predecessor-version":[{"id":220363,"href":"https:\/\/rnoticias.com.mx\/Portal\/wp-json\/wp\/v2\/posts\/220361\/revisions\/220363"}],"wp:featuredmedia":[{"embeddable":true,"href":"https:\/\/rnoticias.com.mx\/Portal\/wp-json\/wp\/v2\/media\/220362"}],"wp:attachment":[{"href":"https:\/\/rnoticias.com.mx\/Portal\/wp-json\/wp\/v2\/media?parent=220361"}],"wp:term":[{"taxonomy":"category","embeddable":true,"href":"https:\/\/rnoticias.com.mx\/Portal\/wp-json\/wp\/v2\/categories?post=220361"},{"taxonomy":"post_tag","embeddable":true,"href":"https:\/\/rnoticias.com.mx\/Portal\/wp-json\/wp\/v2\/tags?post=220361"}],"curies":[{"name":"wp","href":"https:\/\/api.w.org\/{rel}","templated":true}]}}