{"id":220348,"date":"2025-06-02T13:02:29","date_gmt":"2025-06-02T20:02:29","guid":{"rendered":"https:\/\/rnoticias.com.mx\/Portal\/?p=220348"},"modified":"2025-06-02T13:02:29","modified_gmt":"2025-06-02T20:02:29","slug":"gobierno-de-sonora-realiza-mejoras-de-frecuencia-en-rutas-del-transporte-urbano-de-ciudad-obregon","status":"publish","type":"post","link":"https:\/\/rnoticias.com.mx\/Portal\/2025\/06\/02\/gobierno-de-sonora-realiza-mejoras-de-frecuencia-en-rutas-del-transporte-urbano-de-ciudad-obregon\/","title":{"rendered":"Gobierno de Sonora realiza mejoras de frecuencia en rutas del transporte urbano de Ciudad Obreg\u00f3n"},"content":{"rendered":"<p>Hermosillo, Sonora; 2 de junio de 2025.- Con el prop\u00f3sito de brindar mayor cobertura y reducir los tiempos de espera, el Gobierno de Sonora, a trav\u00e9s del Instituto de Movilidad y Transporte para el Estado de Sonora (Imtes), realiz\u00f3 adecuaciones en rutas del transporte urbano de Ciudad Obreg\u00f3n.<\/p>\n<p>Los cambios obedecen a solicitudes de las personas usuarias de las colonias Valle Dorado y Villa Fontana, por lo que el Imtes elabor\u00f3 estudios de movilidad y llev\u00f3 a cabo las gestiones necesarias con los concesionarios, concretando as\u00ed los ajustes.<\/p>\n<p>Carlos Sosa Casta\u00f1eda, coordinador ejecutivo del Imtes, inform\u00f3 que las mejoras se aplicaron en las rutas del sector sur correspondientes a las l\u00edneas 3, 7 y 10, acciones que permitir\u00e1n ampliar la cobertura a partir de este lunes y reducir los tiempos de espera.<\/p>\n<p>Las modificaciones son las siguientes:<\/p>\n<p>L\u00ednea 7 Expr\u00e9s: Se recorta el recorrido de la ruta, ofreciendo servicio al norte, centro y sur de la colonia Villa Fontana, as\u00ed como a la parte este de Valle Dorado. El n\u00famero de unidades aumenta de dos a cinco, reduciendo los tiempos de espera de 50 a 20 minutos.<\/p>\n<p>L\u00ednea 3: Se ajusta el recorrido para brindar servicio a la parte este, sur y oeste de ambas colonias. El n\u00famero de unidades pasa de 12 a 16, reduciendo los tiempos de espera de 10 a 8 minutos.<\/p>\n<p>L\u00edneas 10 Miguel Alem\u00e1n y 10 California: Se ampl\u00eda la cobertura en ambas rutas, con servicio en la parte centro y sur de las colonias Valle Dorado y Villa Fontana. Las unidades en circulaci\u00f3n aumentan de 20 a 24, lo que reduce los tiempos de espera de 8 a 6 minutos.<\/p>\n<p>Para m\u00e1s informaci\u00f3n sobre estas mejoras o para resolver dudas relacionadas con el servicio, el Imtes pone a disposici\u00f3n de las personas usuarias la L\u00ednea de Atenci\u00f3n telef\u00f3nica 800 71 71 110, as\u00ed como el canal de mensajer\u00eda WhatsApp al n\u00famero 6624 70 50 50.<\/p>\n","protected":false},"excerpt":{"rendered":"<p>Hermosillo, Sonora; 2 de junio de 2025.- Con el prop\u00f3sito de brindar mayor cobertura y reducir los tiempos de espera, el Gobierno de Sonora, a trav\u00e9s del Instituto de Movilidad y Transporte para el Estado de Sonora (Imtes), realiz\u00f3 adecuaciones en rutas del transporte urbano de Ciudad Obreg\u00f3n. Los cambios obedecen a solicitudes de las [&hellip;]<\/p>\n","protected":false},"author":2,"featured_media":220349,"comment_status":"closed","ping_status":"closed","sticky":false,"template":"","format":"standard","meta":{"footnotes":""},"categories":[12870,174],"tags":[12865,12873],"class_list":["post-220348","post","type-post","status-publish","format-standard","has-post-thumbnail","hentry","category-destacadas","category-estatal","tag-destacadas","tag-estatal"],"jetpack_featured_media_url":"https:\/\/rnoticias.com.mx\/Portal\/wp-content\/uploads\/2025\/06\/unnamed-1-1.jpg","amp_enabled":true,"_links":{"self":[{"href":"https:\/\/rnoticias.com.mx\/Portal\/wp-json\/wp\/v2\/posts\/220348","targetHints":{"allow":["GET"]}}],"collection":[{"href":"https:\/\/rnoticias.com.mx\/Portal\/wp-json\/wp\/v2\/posts"}],"about":[{"href":"https:\/\/rnoticias.com.mx\/Portal\/wp-json\/wp\/v2\/types\/post"}],"author":[{"embeddable":true,"href":"https:\/\/rnoticias.com.mx\/Portal\/wp-json\/wp\/v2\/users\/2"}],"replies":[{"embeddable":true,"href":"https:\/\/rnoticias.com.mx\/Portal\/wp-json\/wp\/v2\/comments?post=220348"}],"version-history":[{"count":1,"href":"https:\/\/rnoticias.com.mx\/Portal\/wp-json\/wp\/v2\/posts\/220348\/revisions"}],"predecessor-version":[{"id":220350,"href":"https:\/\/rnoticias.com.mx\/Portal\/wp-json\/wp\/v2\/posts\/220348\/revisions\/220350"}],"wp:featuredmedia":[{"embeddable":true,"href":"https:\/\/rnoticias.com.mx\/Portal\/wp-json\/wp\/v2\/media\/220349"}],"wp:attachment":[{"href":"https:\/\/rnoticias.com.mx\/Portal\/wp-json\/wp\/v2\/media?parent=220348"}],"wp:term":[{"taxonomy":"category","embeddable":true,"href":"https:\/\/rnoticias.com.mx\/Portal\/wp-json\/wp\/v2\/categories?post=220348"},{"taxonomy":"post_tag","embeddable":true,"href":"https:\/\/rnoticias.com.mx\/Portal\/wp-json\/wp\/v2\/tags?post=220348"}],"curies":[{"name":"wp","href":"https:\/\/api.w.org\/{rel}","templated":true}]}}