{"id":220342,"date":"2025-06-02T12:27:00","date_gmt":"2025-06-02T19:27:00","guid":{"rendered":"https:\/\/rnoticias.com.mx\/Portal\/?p=220342"},"modified":"2025-06-02T12:27:00","modified_gmt":"2025-06-02T19:27:00","slug":"gobierno-de-sonora-informa-control-total-de-incendios-forestales-en-el-estado","status":"publish","type":"post","link":"https:\/\/rnoticias.com.mx\/Portal\/2025\/06\/02\/gobierno-de-sonora-informa-control-total-de-incendios-forestales-en-el-estado\/","title":{"rendered":"Gobierno de Sonora informa control total de incendios forestales en el estado"},"content":{"rendered":"<p>Hermosillo, Sonora; 2 de junio de 2025.- El Gobierno de Sonora, a trav\u00e9s de la Coordinaci\u00f3n Estatal de Protecci\u00f3n Civil (CEPC), inform\u00f3 que han sido totalmente controlados los incendios forestales que se presentaron en semanas recientes en distintos puntos del estado.<\/p>\n<p>Este resultado fue posible gracias al trabajo conjunto de brigadistas de la Comisi\u00f3n Nacional Forestal (Conafor), la Comisi\u00f3n Nacional de \u00c1reas Naturales Protegidas (Conanp), la Secretar\u00eda de la Defensa Nacional (Defensa), la Guardia Nacional, la Brigada de Manejo de Fuego de la Sagarhpa y Protecci\u00f3n Civil Sonora, as\u00ed como voluntarios y rancheros de la regi\u00f3n.<\/p>\n<p>Armando Casta\u00f1eda S\u00e1nchez, coordinador estatal de Protecci\u00f3n Civil, destac\u00f3 el compromiso de los brigadistas, quienes en algunos casos se encuentran fuera de sus hogares desde marzo, atendiendo incendios en zonas de dif\u00edcil acceso y bajo condiciones clim\u00e1ticas extremas.<\/p>\n<p>Gracias a esta labor profesional y dedicada, Sonora se mantiene por debajo del n\u00famero de incendios forestales registrados en a\u00f1os anteriores. A la fecha, se han contabilizado 32 incendios forestales en 2025, frente a los 47 registrados en 2024, a\u00f1o en el que ya se hab\u00eda logrado una disminuci\u00f3n en comparaci\u00f3n con 2023.<\/p>\n<p>En cuanto a casos espec\u00edficos:<\/p>\n<p>\u2022 El incendio en el municipio de N\u00e1cori Chico, predio Los Mojones, que en d\u00edas recientes se combat\u00eda en el estado de Chihuahua, fue controlado al 100 por ciento y tiene un 99 por ciento de liquidaci\u00f3n.<\/p>\n<p>\u2022 El incendio en el municipio de Arizpe, predio San Antonio, presenta un 100 por ciento de control y un 90 por ciento de liquidaci\u00f3n.<\/p>\n<p>\u2022 El incendio que inici\u00f3 en el predio El Llano, municipio de Y\u00e9cora, y que tambi\u00e9n se extendi\u00f3 hacia Chihuahua, ha sido completamente sofocado.<\/p>\n<p>Con estos resultados, actualmente no hay incendios forestales activos en Sonora. Sin embargo, el llamado a la prevenci\u00f3n contin\u00faa.<\/p>\n<p>Se exhorta a la ciudadan\u00eda a evitar pr\u00e1cticas que puedan provocar nuevos siniestros, como tirar colillas de cigarro o basura en caminos y \u00e1reas naturales, as\u00ed como encender fogatas en el monte. Se recuerda que el 90 por ciento de los incendios forestales son causados por actividades humanas en entornos naturales.<\/p>\n","protected":false},"excerpt":{"rendered":"<p>Hermosillo, Sonora; 2 de junio de 2025.- El Gobierno de Sonora, a trav\u00e9s de la Coordinaci\u00f3n Estatal de Protecci\u00f3n Civil (CEPC), inform\u00f3 que han sido totalmente controlados los incendios forestales que se presentaron en semanas recientes en distintos puntos del estado. Este resultado fue posible gracias al trabajo conjunto de brigadistas de la Comisi\u00f3n Nacional [&hellip;]<\/p>\n","protected":false},"author":2,"featured_media":220343,"comment_status":"closed","ping_status":"closed","sticky":false,"template":"","format":"standard","meta":{"footnotes":""},"categories":[12870,174],"tags":[12865,12873],"class_list":["post-220342","post","type-post","status-publish","format-standard","has-post-thumbnail","hentry","category-destacadas","category-estatal","tag-destacadas","tag-estatal"],"jetpack_featured_media_url":"https:\/\/rnoticias.com.mx\/Portal\/wp-content\/uploads\/2025\/06\/unnamed-19-2.jpg","amp_enabled":true,"_links":{"self":[{"href":"https:\/\/rnoticias.com.mx\/Portal\/wp-json\/wp\/v2\/posts\/220342","targetHints":{"allow":["GET"]}}],"collection":[{"href":"https:\/\/rnoticias.com.mx\/Portal\/wp-json\/wp\/v2\/posts"}],"about":[{"href":"https:\/\/rnoticias.com.mx\/Portal\/wp-json\/wp\/v2\/types\/post"}],"author":[{"embeddable":true,"href":"https:\/\/rnoticias.com.mx\/Portal\/wp-json\/wp\/v2\/users\/2"}],"replies":[{"embeddable":true,"href":"https:\/\/rnoticias.com.mx\/Portal\/wp-json\/wp\/v2\/comments?post=220342"}],"version-history":[{"count":1,"href":"https:\/\/rnoticias.com.mx\/Portal\/wp-json\/wp\/v2\/posts\/220342\/revisions"}],"predecessor-version":[{"id":220344,"href":"https:\/\/rnoticias.com.mx\/Portal\/wp-json\/wp\/v2\/posts\/220342\/revisions\/220344"}],"wp:featuredmedia":[{"embeddable":true,"href":"https:\/\/rnoticias.com.mx\/Portal\/wp-json\/wp\/v2\/media\/220343"}],"wp:attachment":[{"href":"https:\/\/rnoticias.com.mx\/Portal\/wp-json\/wp\/v2\/media?parent=220342"}],"wp:term":[{"taxonomy":"category","embeddable":true,"href":"https:\/\/rnoticias.com.mx\/Portal\/wp-json\/wp\/v2\/categories?post=220342"},{"taxonomy":"post_tag","embeddable":true,"href":"https:\/\/rnoticias.com.mx\/Portal\/wp-json\/wp\/v2\/tags?post=220342"}],"curies":[{"name":"wp","href":"https:\/\/api.w.org\/{rel}","templated":true}]}}