{"id":220339,"date":"2025-06-02T12:06:02","date_gmt":"2025-06-02T19:06:02","guid":{"rendered":"https:\/\/rnoticias.com.mx\/Portal\/?p=220339"},"modified":"2025-06-02T12:06:02","modified_gmt":"2025-06-02T19:06:02","slug":"claudia-sheinbaum-descarta-que-ana-gabriela-guevara-este-siendo-investigada","status":"publish","type":"post","link":"https:\/\/rnoticias.com.mx\/Portal\/2025\/06\/02\/claudia-sheinbaum-descarta-que-ana-gabriela-guevara-este-siendo-investigada\/","title":{"rendered":"Claudia Sheinbaum descarta que Ana Gabriela Guevara est\u00e9 siendo investigada"},"content":{"rendered":"<p>La presidenta<strong>\u00a0Claudia Sheinbaum Pardo\u00a0<\/strong>descart\u00f3 que la extitular de la Comisi\u00f3n Nacional de Cultura F\u00edsica y Deporte (Conade),\u00a0<strong>Ana Gabriela Guevara<\/strong>, est\u00e9 siendo investigada por desv\u00edo de recursos.<\/p>\n<p>No obstante, aclar\u00f3 que hay una revisi\u00f3n a la Conade por parte de la Auditor\u00eda Superior de la Federaci\u00f3n (ASF), tal como lo hace con el resto de las dependencias por lo que pidi\u00f3 esperar a las auditorias que se realizan:\u00a0<strong><em>\u201cNo tenemos nada que esconder\u201d<\/em><\/strong>, asegur\u00f3 la mandataria.<\/p>\n<p><strong><em>\u201cNo, que yo sepa, no est\u00e1 bajo investigaci\u00f3n\u201d,<\/em><\/strong>\u00a0respondi\u00f3 al ser cuestionada sobre una presunta investigaci\u00f3n contra Ana Gabriela Guevara y ante una declaraci\u00f3n de su actual titular, Rommel Pacheco, en el que asegura que hay carpetas de investigaci\u00f3n en contra de su antecesora relacionadas con presuntas irregularidades en su gesti\u00f3n al frente de la dependencia.<\/p>\n<p><strong><em>\u201cS\u00ed, pero no est\u00e1 bajo investigaci\u00f3n. Lo que hay, como siempre, es que cuando hay un nuevo a\u00f1o se deciden las auditor\u00edas de los a\u00f1os anteriores, tanto de la Auditor\u00eda Superior de la Federaci\u00f3n como en su caso de la Secretar\u00eda que hoy se llama de Anticorrupci\u00f3n y Buen Gobierno. Entonces se hacen las auditor\u00edas. Si se encuentran observaciones, tiene tiempo la titular o los titulares de las entidades para responder a esas observaciones\u201d,<\/em><\/strong>\u00a0destac\u00f3.<\/p>\n<p>La presidenta Claudia Sheinbaum Pardo mencion\u00f3 que, en todo caso, la Auditor\u00eda Superior sigue en revisi\u00f3n y aclar\u00f3 que<strong><em>\u00a0\u201cno est\u00e1 bajo investigaci\u00f3n, sino sencillamente es el trabajo que hace la Auditor\u00eda de la Federaci\u00f3n con todas las entidades del Gobierno de M\u00e9xico o estados de la Rep\u00fablica o municipios que utilicen recursos federales\u201d.<\/em><\/strong><\/p>\n<p><strong><em>\u201c(\u2026) vamos a esperar a ver qu\u00e9 dice la Auditor\u00eda Superior. De las auditor\u00edas que se est\u00e1n haciendo en CONADE y en otras \u00e1reas del gobierno, aqu\u00ed no tenemos nada que esconder. Y sobre las observaciones, la que fue titular de la CONADE, pues tiene su tiempo para poder contestar esas observaciones. Y, si ya se encuentra que hay un asunto, porque puede ser un asunto de falta administrativa o un asunto ya que tenga que ver con desv\u00edo de recursos o con otros temas, pero hay que esperar\u201d.<\/em><\/strong><\/p>\n<p>&nbsp;<\/p>\n<p>El Universal<\/p>\n","protected":false},"excerpt":{"rendered":"<p>La presidenta\u00a0Claudia Sheinbaum Pardo\u00a0descart\u00f3 que la extitular de la Comisi\u00f3n Nacional de Cultura F\u00edsica y Deporte (Conade),\u00a0Ana Gabriela Guevara, est\u00e9 siendo investigada por desv\u00edo de recursos. No obstante, aclar\u00f3 que hay una revisi\u00f3n a la Conade por parte de la Auditor\u00eda Superior de la Federaci\u00f3n (ASF), tal como lo hace con el resto de las [&hellip;]<\/p>\n","protected":false},"author":2,"featured_media":220340,"comment_status":"closed","ping_status":"closed","sticky":false,"template":"","format":"standard","meta":{"footnotes":""},"categories":[188,12870],"tags":[5231,12865],"class_list":["post-220339","post","type-post","status-publish","format-standard","has-post-thumbnail","hentry","category-deportes","category-destacadas","tag-deportes","tag-destacadas"],"jetpack_featured_media_url":"https:\/\/rnoticias.com.mx\/Portal\/wp-content\/uploads\/2025\/06\/ana-gabriela-no-esta-investigada-02062025-720x450-1.jpg","amp_enabled":true,"_links":{"self":[{"href":"https:\/\/rnoticias.com.mx\/Portal\/wp-json\/wp\/v2\/posts\/220339","targetHints":{"allow":["GET"]}}],"collection":[{"href":"https:\/\/rnoticias.com.mx\/Portal\/wp-json\/wp\/v2\/posts"}],"about":[{"href":"https:\/\/rnoticias.com.mx\/Portal\/wp-json\/wp\/v2\/types\/post"}],"author":[{"embeddable":true,"href":"https:\/\/rnoticias.com.mx\/Portal\/wp-json\/wp\/v2\/users\/2"}],"replies":[{"embeddable":true,"href":"https:\/\/rnoticias.com.mx\/Portal\/wp-json\/wp\/v2\/comments?post=220339"}],"version-history":[{"count":1,"href":"https:\/\/rnoticias.com.mx\/Portal\/wp-json\/wp\/v2\/posts\/220339\/revisions"}],"predecessor-version":[{"id":220341,"href":"https:\/\/rnoticias.com.mx\/Portal\/wp-json\/wp\/v2\/posts\/220339\/revisions\/220341"}],"wp:featuredmedia":[{"embeddable":true,"href":"https:\/\/rnoticias.com.mx\/Portal\/wp-json\/wp\/v2\/media\/220340"}],"wp:attachment":[{"href":"https:\/\/rnoticias.com.mx\/Portal\/wp-json\/wp\/v2\/media?parent=220339"}],"wp:term":[{"taxonomy":"category","embeddable":true,"href":"https:\/\/rnoticias.com.mx\/Portal\/wp-json\/wp\/v2\/categories?post=220339"},{"taxonomy":"post_tag","embeddable":true,"href":"https:\/\/rnoticias.com.mx\/Portal\/wp-json\/wp\/v2\/tags?post=220339"}],"curies":[{"name":"wp","href":"https:\/\/api.w.org\/{rel}","templated":true}]}}