{"id":220336,"date":"2025-06-02T12:04:34","date_gmt":"2025-06-02T19:04:34","guid":{"rendered":"https:\/\/rnoticias.com.mx\/Portal\/?p=220336"},"modified":"2025-06-02T12:04:34","modified_gmt":"2025-06-02T19:04:34","slug":"gobierno-de-sonora-se-prepara-para-recibir-simposio-internacional-de-deposito-de-jales-2026","status":"publish","type":"post","link":"https:\/\/rnoticias.com.mx\/Portal\/2025\/06\/02\/gobierno-de-sonora-se-prepara-para-recibir-simposio-internacional-de-deposito-de-jales-2026\/","title":{"rendered":"Gobierno de Sonora se prepara para recibir Simposio Internacional de Dep\u00f3sito de Jales 2026"},"content":{"rendered":"<p>Hermosillo, Sonora; 2 de junio de 2025.- Gobierno de Sonora se prepara para albergar en Hermosillo el Segundo Simposio Internacional de Dep\u00f3sito de Jales 2026, tras haber sido seleccionado entre otras cuatro ciudades en la convocatoria correspondiente.<\/p>\n<p>Este ser\u00e1 el segundo simposio de este tipo que se realice en el pa\u00eds y tiene como objetivo difundir el estado del arte y las mejores pr\u00e1cticas en la planeaci\u00f3n, dise\u00f1o, construcci\u00f3n y operaci\u00f3n de dep\u00f3sitos de jales, en sus diferentes etapas del ciclo de vida, con un enfoque especial en el an\u00e1lisis y gesti\u00f3n de riesgos.<\/p>\n<p>Roberto Gradillas Pineda, secretario de Econom\u00eda y Turismo del Estado de Sonora destac\u00f3 que este tipo de evento solo se ha realizado en Chihuahua, y ahora Sonora ser\u00e1 sede, lo cual representa una oportunidad para posicionar al estado como referente en el sector.<\/p>\n<p>\u201cEstamos muy contentos de traer este evento de car\u00e1cter nacional a nuestro estado. Como potencia minera, es inter\u00e9s del gobernador Alfonso Durazo que conozcan Sonora, que la visiten y vean las oportunidades que brinda por ser un estado facilitador para la inversi\u00f3n\u201d, expres\u00f3.<\/p>\n<p>Sonora fue seleccionada por encima de ciudades como Guanajuato, Zacatecas y Durango para albergar este encuentro, que se llevar\u00e1 a cabo del 11 al 13 de marzo de 2026. En el simposio participar\u00e1n empresas y profesionistas de distintas comunidades mineras del pa\u00eds.<\/p>\n","protected":false},"excerpt":{"rendered":"<p>Hermosillo, Sonora; 2 de junio de 2025.- Gobierno de Sonora se prepara para albergar en Hermosillo el Segundo Simposio Internacional de Dep\u00f3sito de Jales 2026, tras haber sido seleccionado entre otras cuatro ciudades en la convocatoria correspondiente. Este ser\u00e1 el segundo simposio de este tipo que se realice en el pa\u00eds y tiene como objetivo [&hellip;]<\/p>\n","protected":false},"author":2,"featured_media":220337,"comment_status":"closed","ping_status":"closed","sticky":false,"template":"","format":"standard","meta":{"footnotes":""},"categories":[12870,178],"tags":[12865,12869],"class_list":["post-220336","post","type-post","status-publish","format-standard","has-post-thumbnail","hentry","category-destacadas","category-local","tag-destacadas","tag-local"],"jetpack_featured_media_url":"https:\/\/rnoticias.com.mx\/Portal\/wp-content\/uploads\/2025\/06\/unnamed-19-1.jpg","amp_enabled":true,"_links":{"self":[{"href":"https:\/\/rnoticias.com.mx\/Portal\/wp-json\/wp\/v2\/posts\/220336","targetHints":{"allow":["GET"]}}],"collection":[{"href":"https:\/\/rnoticias.com.mx\/Portal\/wp-json\/wp\/v2\/posts"}],"about":[{"href":"https:\/\/rnoticias.com.mx\/Portal\/wp-json\/wp\/v2\/types\/post"}],"author":[{"embeddable":true,"href":"https:\/\/rnoticias.com.mx\/Portal\/wp-json\/wp\/v2\/users\/2"}],"replies":[{"embeddable":true,"href":"https:\/\/rnoticias.com.mx\/Portal\/wp-json\/wp\/v2\/comments?post=220336"}],"version-history":[{"count":1,"href":"https:\/\/rnoticias.com.mx\/Portal\/wp-json\/wp\/v2\/posts\/220336\/revisions"}],"predecessor-version":[{"id":220338,"href":"https:\/\/rnoticias.com.mx\/Portal\/wp-json\/wp\/v2\/posts\/220336\/revisions\/220338"}],"wp:featuredmedia":[{"embeddable":true,"href":"https:\/\/rnoticias.com.mx\/Portal\/wp-json\/wp\/v2\/media\/220337"}],"wp:attachment":[{"href":"https:\/\/rnoticias.com.mx\/Portal\/wp-json\/wp\/v2\/media?parent=220336"}],"wp:term":[{"taxonomy":"category","embeddable":true,"href":"https:\/\/rnoticias.com.mx\/Portal\/wp-json\/wp\/v2\/categories?post=220336"},{"taxonomy":"post_tag","embeddable":true,"href":"https:\/\/rnoticias.com.mx\/Portal\/wp-json\/wp\/v2\/tags?post=220336"}],"curies":[{"name":"wp","href":"https:\/\/api.w.org\/{rel}","templated":true}]}}