{"id":220333,"date":"2025-06-02T12:03:13","date_gmt":"2025-06-02T19:03:13","guid":{"rendered":"https:\/\/rnoticias.com.mx\/Portal\/?p=220333"},"modified":"2025-06-02T12:03:13","modified_gmt":"2025-06-02T19:03:13","slug":"gobierno-de-sonora-fortalece-pensamiento-critico-de-universitarios-a-traves-de-la-lectura","status":"publish","type":"post","link":"https:\/\/rnoticias.com.mx\/Portal\/2025\/06\/02\/gobierno-de-sonora-fortalece-pensamiento-critico-de-universitarios-a-traves-de-la-lectura\/","title":{"rendered":"Gobierno de Sonora fortalece pensamiento cr\u00edtico de universitarios a trav\u00e9s de la lectura"},"content":{"rendered":"<p>Etchojoa, Sonora; 2 de junio de 2025.- Para garantizar la formaci\u00f3n de j\u00f3venes profesionistas con capacidad de razonamiento, an\u00e1lisis y resoluci\u00f3n de problemas, sin importar el \u00e1rea del sector productivo en la que se desenvuelvan, la Universidad Tecnol\u00f3gica de Etchojoa (UTE) implementa una estrategia que permite a los universitarios fortalecer sus habilidades de reflexi\u00f3n.<\/p>\n<p>Estudiantes de la Academia de Param\u00e9dico se han sumergido en el an\u00e1lisis de literatura de gran impacto, lo que les ha permitido mejorar su capacidad de reflexi\u00f3n, argumentaci\u00f3n y toma de decisiones informadas, habilidades fundamentales en su formaci\u00f3n profesional.<\/p>\n<p>Jos\u00e9 F\u00e9lix G\u00f3mez Anduro, rector de la UTE, detall\u00f3 que, como parte de la asignatura Desarrollo del Pensamiento y Toma de Decisiones, se busca ir m\u00e1s all\u00e1 de los m\u00e9todos tradicionales, promoviendo en los j\u00f3venes una actitud anal\u00edtica ante diversos contextos y problem\u00e1ticas.<\/p>\n<p>Esta estrategia acad\u00e9mica responde al compromiso de la UTE de formar profesionales capacitados para evaluar opciones, considerar consecuencias y elegir la mejor alternativa para lograr un objetivo, enfrentando con criterio los desaf\u00edos del \u00e1mbito de la protecci\u00f3n civil.<\/p>\n<p>La universidad destac\u00f3 la importancia de integrar el pensamiento cr\u00edtico como eje transversal en los programas de estudio, especialmente en disciplinas que requieren respuestas eficaces ante posibles situaciones de emergencia.<\/p>\n","protected":false},"excerpt":{"rendered":"<p>Etchojoa, Sonora; 2 de junio de 2025.- Para garantizar la formaci\u00f3n de j\u00f3venes profesionistas con capacidad de razonamiento, an\u00e1lisis y resoluci\u00f3n de problemas, sin importar el \u00e1rea del sector productivo en la que se desenvuelvan, la Universidad Tecnol\u00f3gica de Etchojoa (UTE) implementa una estrategia que permite a los universitarios fortalecer sus habilidades de reflexi\u00f3n. Estudiantes [&hellip;]<\/p>\n","protected":false},"author":2,"featured_media":220334,"comment_status":"closed","ping_status":"closed","sticky":false,"template":"","format":"standard","meta":{"footnotes":""},"categories":[174],"tags":[12873],"class_list":["post-220333","post","type-post","status-publish","format-standard","has-post-thumbnail","hentry","category-estatal","tag-estatal"],"jetpack_featured_media_url":"https:\/\/rnoticias.com.mx\/Portal\/wp-content\/uploads\/2025\/06\/unnamed-1.jpg","amp_enabled":true,"_links":{"self":[{"href":"https:\/\/rnoticias.com.mx\/Portal\/wp-json\/wp\/v2\/posts\/220333","targetHints":{"allow":["GET"]}}],"collection":[{"href":"https:\/\/rnoticias.com.mx\/Portal\/wp-json\/wp\/v2\/posts"}],"about":[{"href":"https:\/\/rnoticias.com.mx\/Portal\/wp-json\/wp\/v2\/types\/post"}],"author":[{"embeddable":true,"href":"https:\/\/rnoticias.com.mx\/Portal\/wp-json\/wp\/v2\/users\/2"}],"replies":[{"embeddable":true,"href":"https:\/\/rnoticias.com.mx\/Portal\/wp-json\/wp\/v2\/comments?post=220333"}],"version-history":[{"count":1,"href":"https:\/\/rnoticias.com.mx\/Portal\/wp-json\/wp\/v2\/posts\/220333\/revisions"}],"predecessor-version":[{"id":220335,"href":"https:\/\/rnoticias.com.mx\/Portal\/wp-json\/wp\/v2\/posts\/220333\/revisions\/220335"}],"wp:featuredmedia":[{"embeddable":true,"href":"https:\/\/rnoticias.com.mx\/Portal\/wp-json\/wp\/v2\/media\/220334"}],"wp:attachment":[{"href":"https:\/\/rnoticias.com.mx\/Portal\/wp-json\/wp\/v2\/media?parent=220333"}],"wp:term":[{"taxonomy":"category","embeddable":true,"href":"https:\/\/rnoticias.com.mx\/Portal\/wp-json\/wp\/v2\/categories?post=220333"},{"taxonomy":"post_tag","embeddable":true,"href":"https:\/\/rnoticias.com.mx\/Portal\/wp-json\/wp\/v2\/tags?post=220333"}],"curies":[{"name":"wp","href":"https:\/\/api.w.org\/{rel}","templated":true}]}}