{"id":220311,"date":"2025-06-02T08:56:33","date_gmt":"2025-06-02T15:56:33","guid":{"rendered":"https:\/\/rnoticias.com.mx\/Portal\/?p=220311"},"modified":"2025-06-02T08:56:33","modified_gmt":"2025-06-02T15:56:33","slug":"redadas-migratorias-en-obras-amenazan-la-industria-de-la-construccion-en-eu","status":"publish","type":"post","link":"https:\/\/rnoticias.com.mx\/Portal\/2025\/06\/02\/redadas-migratorias-en-obras-amenazan-la-industria-de-la-construccion-en-eu\/","title":{"rendered":"Redadas migratorias en obras amenazan la industria de la construcci\u00f3n en EU"},"content":{"rendered":"<p>Las recientes\u00a0<strong>redadas migratorias<\/strong>\u00a0en\u00a0<strong>obras<\/strong>\u00a0de edificaciones en regiones como Florida y Luisiana\u00a0<strong>amenazan<\/strong>\u00a0la\u00a0<strong>industria constructora<\/strong>\u00a0de\u00a0<strong>Estados<\/strong>\u00a0<strong>Unidos<\/strong>, en la que uno de cada cuatro trabajadores a nivel nacional es migrante, una proporci\u00f3n que sube hasta al 75 por ciento en grandes ciudades como Miami.<\/p>\n<div id=\"standard_2\" class=\"st-placement standard_2 inArticle\">\n<div class=\"st-adunit-inarticle st-inarticle-slot\">\n<div class=\"st-adunit st-adunit-tagged st-reset st-show\">\n<div class=\"st-adunit-ad st-reset\">\n<div class=\"st-display-render st-reset open 970x250\">\n<div class=\"st-canvas st-reset horizontal-static\">\n<div class=\"x-to-close st-reset\">\n<p>La alarma crece tras la\u00a0detenci\u00f3n\u00a0de m\u00e1s de 100 migrantes de M\u00e9xico, Colombia, Guatemala, Nicaragua, El Salvador y Honduras en un sitio de construcci\u00f3n la semana pasada en Tallahassee, la capital de Florida, dos semanas despu\u00e9s de una redada similar en The Villages, en el mismo estado, con m\u00e1s de dos docenas de arrestos.<\/p>\n<\/div>\n<\/div>\n<\/div>\n<\/div>\n<\/div>\n<\/div>\n<\/div>\n","protected":false},"excerpt":{"rendered":"<p>Las recientes\u00a0redadas migratorias\u00a0en\u00a0obras\u00a0de edificaciones en regiones como Florida y Luisiana\u00a0amenazan\u00a0la\u00a0industria constructora\u00a0de\u00a0Estados\u00a0Unidos, en la que uno de cada cuatro trabajadores a nivel nacional es migrante, una proporci\u00f3n que sube hasta al 75 por ciento en grandes ciudades como Miami. La alarma crece tras la\u00a0detenci\u00f3n\u00a0de m\u00e1s de 100 migrantes de M\u00e9xico, Colombia, Guatemala, Nicaragua, El Salvador y [&hellip;]<\/p>\n","protected":false},"author":2,"featured_media":220312,"comment_status":"closed","ping_status":"closed","sticky":false,"template":"","format":"standard","meta":{"footnotes":""},"categories":[12870,182],"tags":[12865,12871],"class_list":["post-220311","post","type-post","status-publish","format-standard","has-post-thumbnail","hentry","category-destacadas","category-internacional","tag-destacadas","tag-internacional"],"jetpack_featured_media_url":"https:\/\/rnoticias.com.mx\/Portal\/wp-content\/uploads\/2025\/06\/image.webp","amp_enabled":true,"_links":{"self":[{"href":"https:\/\/rnoticias.com.mx\/Portal\/wp-json\/wp\/v2\/posts\/220311","targetHints":{"allow":["GET"]}}],"collection":[{"href":"https:\/\/rnoticias.com.mx\/Portal\/wp-json\/wp\/v2\/posts"}],"about":[{"href":"https:\/\/rnoticias.com.mx\/Portal\/wp-json\/wp\/v2\/types\/post"}],"author":[{"embeddable":true,"href":"https:\/\/rnoticias.com.mx\/Portal\/wp-json\/wp\/v2\/users\/2"}],"replies":[{"embeddable":true,"href":"https:\/\/rnoticias.com.mx\/Portal\/wp-json\/wp\/v2\/comments?post=220311"}],"version-history":[{"count":1,"href":"https:\/\/rnoticias.com.mx\/Portal\/wp-json\/wp\/v2\/posts\/220311\/revisions"}],"predecessor-version":[{"id":220313,"href":"https:\/\/rnoticias.com.mx\/Portal\/wp-json\/wp\/v2\/posts\/220311\/revisions\/220313"}],"wp:featuredmedia":[{"embeddable":true,"href":"https:\/\/rnoticias.com.mx\/Portal\/wp-json\/wp\/v2\/media\/220312"}],"wp:attachment":[{"href":"https:\/\/rnoticias.com.mx\/Portal\/wp-json\/wp\/v2\/media?parent=220311"}],"wp:term":[{"taxonomy":"category","embeddable":true,"href":"https:\/\/rnoticias.com.mx\/Portal\/wp-json\/wp\/v2\/categories?post=220311"},{"taxonomy":"post_tag","embeddable":true,"href":"https:\/\/rnoticias.com.mx\/Portal\/wp-json\/wp\/v2\/tags?post=220311"}],"curies":[{"name":"wp","href":"https:\/\/api.w.org\/{rel}","templated":true}]}}