{"id":220293,"date":"2025-06-02T08:16:28","date_gmt":"2025-06-02T15:16:28","guid":{"rendered":"https:\/\/rnoticias.com.mx\/Portal\/?p=220293"},"modified":"2025-06-02T08:16:28","modified_gmt":"2025-06-02T15:16:28","slug":"todo-un-exito-claudia-sheinbaum-asegura-que-votaron-cerca-de-13-millones-en-la-eleccion-judicial","status":"publish","type":"post","link":"https:\/\/rnoticias.com.mx\/Portal\/2025\/06\/02\/todo-un-exito-claudia-sheinbaum-asegura-que-votaron-cerca-de-13-millones-en-la-eleccion-judicial\/","title":{"rendered":"\u201cTodo un \u00e9xito\u201d: Claudia Sheinbaum asegura que votaron cerca de 13 millones en la elecci\u00f3n judicial"},"content":{"rendered":"<p>Inmediatamente despu\u00e9s que el Instituto Nacional Electoral (INE) dio a conocer que la tasa de participaci\u00f3n en las elecciones judiciales oscil\u00f3 entre 12.57% y 13.32%, la presidenta Claudia Sheinbaum Pardo difundi\u00f3 un video donde reivindic\u00f3 que los resultados fueron \u201ctodo un \u00e9xito\u201d, pues participaron \u201ccerca de 13 millones de mexicanas y mexicanos\u201d en un \u201cproceso transparente\u201d, que hizo de M\u00e9xico \u201cel pa\u00eds m\u00e1s democr\u00e1tico del mundo\u201d.<\/p>\n<p>Sin reconocer que la participaci\u00f3n se encuentra muy por debajo de las expectativas del gobierno federal y de Morena \u2013los dos principales promotores de los comicios, derivados de la reforma judicial impulsada por el expresidente Andr\u00e9s Manuel L\u00f3pez Obrador\u2013, la mandataria refrend\u00f3 que los resultados demuestran que su administraci\u00f3n no pretendi\u00f3 controlar al Poder Judicial de la Federaci\u00f3n a trav\u00e9s de la elecci\u00f3n.<\/p>\n<p>\u201c\u00bfQu\u00e9 sentido tendr\u00eda hacer una elecci\u00f3n universal? Mejor hubi\u00e9semos cambiado la Constituci\u00f3n para poner ministros a modo, como se hizo en el pasado. En vez de ello, tomamos la mejor alternativa: que el pueblo decida\u201d, asever\u00f3 la presidenta, quien insisti\u00f3 en que \u201clas campa\u00f1as fueron austeras y la votaci\u00f3n libre\u201d.<\/p>\n<p>M\u00e1s que los resultados, la tasa de participaci\u00f3n se convirti\u00f3 en el indicador para medir el \u00e9xito de la elecci\u00f3n judicial, pues reflejar\u00eda el poder de convocatoria del gobierno y el m\u00fasculo pol\u00edtico de Morena, en un proceso electoral complejo, donde no hubo recursos p\u00fablicos distribuidos a los partidos pol\u00edticos ni participaci\u00f3n de las militancias.<\/p>\n<p>Todav\u00eda ayer, la propia Sheinbaum exhort\u00f3 la poblaci\u00f3n a salir a votar, y rechaz\u00f3 las acusaciones de que el proceso electoral estuvo ama\u00f1ado para que el gobierno se hiciera del poder judicial.<\/p>\n<p>Con una tasa de abstenci\u00f3n superior al 86%, Morena no lleg\u00f3 a su meta de movilizar a por lo menos el 20% del padr\u00f3n electoral; sin embargo, los escasos votantes garantizan al partido guinda y al gobierno federal que sus candidatos afines asumen las riendas de los 881 cargos del Poder Judicial de la Federaci\u00f3n que se renovaron hoy, incluyendo las 9 ministraturas de la Suprema Corte de Justicia de la Naci\u00f3n (SCJN).<\/p>\n<p>En otras palabras: para el oficialismo, la baja participaci\u00f3n representa una derrota pol\u00edtica, pero la elecci\u00f3n judicial en s\u00ed le otorga un poder m\u00e1s profundo, pues le asegura el control sobre el sistema judicial. De hecho, Sheinbaum ya adelant\u00f3, a d\u00edas de conocer los resultados de las elecciones, que \u201ccon el nuevo Poder Judicial se har\u00e1 realidad el anhelo juarista, de al margen de la ley nada, por encima de la ley, nadie\u201d.<\/p>\n","protected":false},"excerpt":{"rendered":"<p>Inmediatamente despu\u00e9s que el Instituto Nacional Electoral (INE) dio a conocer que la tasa de participaci\u00f3n en las elecciones judiciales oscil\u00f3 entre 12.57% y 13.32%, la presidenta Claudia Sheinbaum Pardo difundi\u00f3 un video donde reivindic\u00f3 que los resultados fueron \u201ctodo un \u00e9xito\u201d, pues participaron \u201ccerca de 13 millones de mexicanas y mexicanos\u201d en un \u201cproceso [&hellip;]<\/p>\n","protected":false},"author":2,"featured_media":220294,"comment_status":"closed","ping_status":"closed","sticky":false,"template":"","format":"standard","meta":{"footnotes":""},"categories":[12870,172],"tags":[12865,12874],"class_list":["post-220293","post","type-post","status-publish","format-standard","has-post-thumbnail","hentry","category-destacadas","category-nacional","tag-destacadas","tag-nacional"],"jetpack_featured_media_url":"https:\/\/rnoticias.com.mx\/Portal\/wp-content\/uploads\/2025\/06\/f638x638-224244_282411_5042.webp","amp_enabled":true,"_links":{"self":[{"href":"https:\/\/rnoticias.com.mx\/Portal\/wp-json\/wp\/v2\/posts\/220293","targetHints":{"allow":["GET"]}}],"collection":[{"href":"https:\/\/rnoticias.com.mx\/Portal\/wp-json\/wp\/v2\/posts"}],"about":[{"href":"https:\/\/rnoticias.com.mx\/Portal\/wp-json\/wp\/v2\/types\/post"}],"author":[{"embeddable":true,"href":"https:\/\/rnoticias.com.mx\/Portal\/wp-json\/wp\/v2\/users\/2"}],"replies":[{"embeddable":true,"href":"https:\/\/rnoticias.com.mx\/Portal\/wp-json\/wp\/v2\/comments?post=220293"}],"version-history":[{"count":1,"href":"https:\/\/rnoticias.com.mx\/Portal\/wp-json\/wp\/v2\/posts\/220293\/revisions"}],"predecessor-version":[{"id":220295,"href":"https:\/\/rnoticias.com.mx\/Portal\/wp-json\/wp\/v2\/posts\/220293\/revisions\/220295"}],"wp:featuredmedia":[{"embeddable":true,"href":"https:\/\/rnoticias.com.mx\/Portal\/wp-json\/wp\/v2\/media\/220294"}],"wp:attachment":[{"href":"https:\/\/rnoticias.com.mx\/Portal\/wp-json\/wp\/v2\/media?parent=220293"}],"wp:term":[{"taxonomy":"category","embeddable":true,"href":"https:\/\/rnoticias.com.mx\/Portal\/wp-json\/wp\/v2\/categories?post=220293"},{"taxonomy":"post_tag","embeddable":true,"href":"https:\/\/rnoticias.com.mx\/Portal\/wp-json\/wp\/v2\/tags?post=220293"}],"curies":[{"name":"wp","href":"https:\/\/api.w.org\/{rel}","templated":true}]}}