{"id":220274,"date":"2025-06-01T15:09:56","date_gmt":"2025-06-01T22:09:56","guid":{"rendered":"https:\/\/rnoticias.com.mx\/Portal\/?p=220274"},"modified":"2025-06-01T15:09:56","modified_gmt":"2025-06-01T22:09:56","slug":"otorgara-h-bus-servicio-a-estudiantes-universitarios-en-cursos-de-verano","status":"publish","type":"post","link":"https:\/\/rnoticias.com.mx\/Portal\/2025\/06\/01\/otorgara-h-bus-servicio-a-estudiantes-universitarios-en-cursos-de-verano\/","title":{"rendered":"Otorgar\u00e1 H Bus servicio a estudiantes universitarios en cursos de verano"},"content":{"rendered":"<p>Hermosillo, Sonora, 01 de junio, 2025.- A petici\u00f3n de los usuarios universitarios de H Bus y de acuerdo con sus necesidades, a partir de este lunes 02 de junio operar\u00e1n 6 de las 9 rutas del programa HBUS, inform\u00f3 Carla Neudert C\u00f3rdova.<\/p>\n<p>La titular de la Agencia Municipal de Energ\u00eda y Cambio Clim\u00e1tico explic\u00f3 que, mediante el levantamiento de una encuesta aplicada a los universitarios, definieron las rutas y horarios para este verano, siendo las elegidas la 1, 2 A, 3, 4 y 5 cuyos recorridos est\u00e1n distribuidos por toda la ciudad, mientras que los horarios elegidos son de entradas a las 07:00 y 09:00 horas y salidas a las 14:00 horas.<\/p>\n<p>Precis\u00f3 que iniciar\u00e1 cubriendo 5 de los 7 horarios que se tienen programados durante clases regulares, exceptuando las salidas de las 20:00 y 21:00 horas, esto con el objetivo de reafirmar la informaci\u00f3n recibida por parte de los universitarios.<\/p>\n<p>Por otra parte, la ruta 8 que da servicio a los estudiantes de la UTH, contin\u00faa funcionando de manera normal, puesto que se encuentran en ciclo regular de clases, a\u00f1adi\u00f3 Neudert C\u00f3rdova.<\/p>\n<p>As\u00ed mismo invit\u00f3 a universitarios que a\u00fan no son usuarios de H Bus y que cursar\u00e1n veranos, a que ingresen a un nuevo m\u00f3dulo de la plataforma electr\u00f3nica dispuesto especialmente para informaci\u00f3n y registro, y cuyo enlace directo es https:\/\/hbus.hermosillo.gob.mx\/Hbuscursos\/Inscriciones.php<\/p>\n<p>La directora de la Agencia de Energ\u00eda y Cambio Clim\u00e1tico puntualiz\u00f3 que pronto se dar\u00e1n a conocer actividades a realizar con las unidades H Bus como incorporaciones eventuales al programa Viactiva, que han sido un \u00e9xito en ediciones pasadas del programa.<\/p>\n","protected":false},"excerpt":{"rendered":"<p>Hermosillo, Sonora, 01 de junio, 2025.- A petici\u00f3n de los usuarios universitarios de H Bus y de acuerdo con sus necesidades, a partir de este lunes 02 de junio operar\u00e1n 6 de las 9 rutas del programa HBUS, inform\u00f3 Carla Neudert C\u00f3rdova. La titular de la Agencia Municipal de Energ\u00eda y Cambio Clim\u00e1tico explic\u00f3 que, [&hellip;]<\/p>\n","protected":false},"author":2,"featured_media":220275,"comment_status":"closed","ping_status":"closed","sticky":false,"template":"","format":"standard","meta":{"footnotes":""},"categories":[12870,178],"tags":[12865,12869],"class_list":["post-220274","post","type-post","status-publish","format-standard","has-post-thumbnail","hentry","category-destacadas","category-local","tag-destacadas","tag-local"],"jetpack_featured_media_url":"https:\/\/rnoticias.com.mx\/Portal\/wp-content\/uploads\/2025\/06\/23114.jpeg","amp_enabled":true,"_links":{"self":[{"href":"https:\/\/rnoticias.com.mx\/Portal\/wp-json\/wp\/v2\/posts\/220274","targetHints":{"allow":["GET"]}}],"collection":[{"href":"https:\/\/rnoticias.com.mx\/Portal\/wp-json\/wp\/v2\/posts"}],"about":[{"href":"https:\/\/rnoticias.com.mx\/Portal\/wp-json\/wp\/v2\/types\/post"}],"author":[{"embeddable":true,"href":"https:\/\/rnoticias.com.mx\/Portal\/wp-json\/wp\/v2\/users\/2"}],"replies":[{"embeddable":true,"href":"https:\/\/rnoticias.com.mx\/Portal\/wp-json\/wp\/v2\/comments?post=220274"}],"version-history":[{"count":1,"href":"https:\/\/rnoticias.com.mx\/Portal\/wp-json\/wp\/v2\/posts\/220274\/revisions"}],"predecessor-version":[{"id":220276,"href":"https:\/\/rnoticias.com.mx\/Portal\/wp-json\/wp\/v2\/posts\/220274\/revisions\/220276"}],"wp:featuredmedia":[{"embeddable":true,"href":"https:\/\/rnoticias.com.mx\/Portal\/wp-json\/wp\/v2\/media\/220275"}],"wp:attachment":[{"href":"https:\/\/rnoticias.com.mx\/Portal\/wp-json\/wp\/v2\/media?parent=220274"}],"wp:term":[{"taxonomy":"category","embeddable":true,"href":"https:\/\/rnoticias.com.mx\/Portal\/wp-json\/wp\/v2\/categories?post=220274"},{"taxonomy":"post_tag","embeddable":true,"href":"https:\/\/rnoticias.com.mx\/Portal\/wp-json\/wp\/v2\/tags?post=220274"}],"curies":[{"name":"wp","href":"https:\/\/api.w.org\/{rel}","templated":true}]}}