{"id":220265,"date":"2025-06-01T15:05:12","date_gmt":"2025-06-01T22:05:12","guid":{"rendered":"https:\/\/rnoticias.com.mx\/Portal\/?p=220265"},"modified":"2025-06-01T15:05:12","modified_gmt":"2025-06-01T22:05:12","slug":"muere-rodrigo-meza-exintegrante-de-los-inquietos-del-norte","status":"publish","type":"post","link":"https:\/\/rnoticias.com.mx\/Portal\/2025\/06\/01\/muere-rodrigo-meza-exintegrante-de-los-inquietos-del-norte\/","title":{"rendered":"Muere Rodrigo Meza, exintegrante de Los Inquietos del Norte"},"content":{"rendered":"<p><strong>Rodrigo Meza, exintegrante de Los Inquietos del Norte muri\u00f3 ayer s\u00e1bado, como dio a conocer su padre, el tambi\u00e9n m\u00fasico Felipe Meza,<\/strong>\u00a0sin dar detalles de qu\u00e9 desencaden\u00f3 el fallecimiento del joven que, apenas este 4 de junio, lanzar\u00eda un nuevo sencillo.<\/p>\n<p>Sin reparar en los detalles, el l\u00edder de Los Inquietos, la banda sinaloense de regional mexicano, inform\u00f3 a sus seguidores acerca del deceso de su hijo, quien, por una \u00e9poca, tambi\u00e9n fue integrante de la agrupaci\u00f3n.<\/p>\n<p><strong><em>\u201cHay cosas uno no entiende de la vida, hay designios de Dios que s\u00f3lo queda aceptarlos\u201d.<\/em><\/strong><\/p>\n<p>El cantante despidi\u00f3 a su hijo con conmovedoras palabras, a trav\u00e9s de las que dio a conocer que Rodrigo dej\u00f3 una familia a cuestas:<\/p>\n<p><strong><em>\u201cFuiste un buen hijo, un buen hermano, buen padre, buen primo, buen amigo, buen ser humano, mi artista favorito\u201d.<\/em><\/strong><\/p>\n<p>Y, si bien, el m\u00fasico de regional no quiso ahondar en la causa del deceso de su hijo, lo que es una realidad es que se trat\u00f3 de una muerte inesperada, pues tan s\u00f3lo hace una semana, Rodrigo daba a conocer que este 4 de junio se estrenar\u00eda \u201cSEQA\u201d, su nuevo tema.<\/p>\n<div class=\"stream-item stream-item-in-post stream-item-inline-post aligncenter\">\n<div class=\"stream-item-size\"><\/div>\n<\/div>\n<p>El mensaje de Meza prosigui\u00f3 con palabras de fe, pues expres\u00f3 que espera que, \u00e9l d\u00eda en que el trascienda, se pueda reencontrar con Rodrigo.<\/p>\n<p><strong><em>\u201cQue Diosito te reciba all\u00e1 en el cielo y que te permita seguir cantando con tu guitarra y componiendo canciones, te prometo que alg\u00fan d\u00eda nos juntaremos y ya no nos separaremos, ac\u00e1 vivir\u00e1s en nuestros y corazones por siempre, te amo, mi viejo\u201d.<\/em><\/strong><\/p>\n<p>&nbsp;<\/p>\n<p>El Universal<\/p>\n","protected":false},"excerpt":{"rendered":"<p>Rodrigo Meza, exintegrante de Los Inquietos del Norte muri\u00f3 ayer s\u00e1bado, como dio a conocer su padre, el tambi\u00e9n m\u00fasico Felipe Meza,\u00a0sin dar detalles de qu\u00e9 desencaden\u00f3 el fallecimiento del joven que, apenas este 4 de junio, lanzar\u00eda un nuevo sencillo. Sin reparar en los detalles, el l\u00edder de Los Inquietos, la banda sinaloense de [&hellip;]<\/p>\n","protected":false},"author":2,"featured_media":220266,"comment_status":"closed","ping_status":"closed","sticky":false,"template":"","format":"standard","meta":{"footnotes":""},"categories":[12870,219],"tags":[12865,12875],"class_list":["post-220265","post","type-post","status-publish","format-standard","has-post-thumbnail","hentry","category-destacadas","category-espectaculos","tag-destacadas","tag-espectaculos"],"jetpack_featured_media_url":"https:\/\/rnoticias.com.mx\/Portal\/wp-content\/uploads\/2025\/06\/descarga.png","amp_enabled":true,"_links":{"self":[{"href":"https:\/\/rnoticias.com.mx\/Portal\/wp-json\/wp\/v2\/posts\/220265","targetHints":{"allow":["GET"]}}],"collection":[{"href":"https:\/\/rnoticias.com.mx\/Portal\/wp-json\/wp\/v2\/posts"}],"about":[{"href":"https:\/\/rnoticias.com.mx\/Portal\/wp-json\/wp\/v2\/types\/post"}],"author":[{"embeddable":true,"href":"https:\/\/rnoticias.com.mx\/Portal\/wp-json\/wp\/v2\/users\/2"}],"replies":[{"embeddable":true,"href":"https:\/\/rnoticias.com.mx\/Portal\/wp-json\/wp\/v2\/comments?post=220265"}],"version-history":[{"count":1,"href":"https:\/\/rnoticias.com.mx\/Portal\/wp-json\/wp\/v2\/posts\/220265\/revisions"}],"predecessor-version":[{"id":220267,"href":"https:\/\/rnoticias.com.mx\/Portal\/wp-json\/wp\/v2\/posts\/220265\/revisions\/220267"}],"wp:featuredmedia":[{"embeddable":true,"href":"https:\/\/rnoticias.com.mx\/Portal\/wp-json\/wp\/v2\/media\/220266"}],"wp:attachment":[{"href":"https:\/\/rnoticias.com.mx\/Portal\/wp-json\/wp\/v2\/media?parent=220265"}],"wp:term":[{"taxonomy":"category","embeddable":true,"href":"https:\/\/rnoticias.com.mx\/Portal\/wp-json\/wp\/v2\/categories?post=220265"},{"taxonomy":"post_tag","embeddable":true,"href":"https:\/\/rnoticias.com.mx\/Portal\/wp-json\/wp\/v2\/tags?post=220265"}],"curies":[{"name":"wp","href":"https:\/\/api.w.org\/{rel}","templated":true}]}}