{"id":220256,"date":"2025-06-01T14:56:02","date_gmt":"2025-06-01T21:56:02","guid":{"rendered":"https:\/\/rnoticias.com.mx\/Portal\/?p=220256"},"modified":"2025-06-01T14:56:02","modified_gmt":"2025-06-01T21:56:02","slug":"isaac-del-toro-obtiene-el-segundo-lugar-en-el-giro-de-italia-2025","status":"publish","type":"post","link":"https:\/\/rnoticias.com.mx\/Portal\/2025\/06\/01\/isaac-del-toro-obtiene-el-segundo-lugar-en-el-giro-de-italia-2025\/","title":{"rendered":"Isaac del Toro obtiene el segundo lugar en el Giro de Italia 2025"},"content":{"rendered":"<p>El ciclista brit\u00e1nico<strong>\u00a0Simon Yates\u00a0<\/strong>conquist\u00f3 el domingo el Giro de Italia, ganando finalmente la carrera que tantas veces se le hab\u00eda escapado.<\/p>\n<p>Despu\u00e9s de atacar en la subida de carretera de grava para tomar la\u00a0<strong>maglia rosa<\/strong>\u00a0en la pen\u00faltima etapa del s\u00e1bado, Yates termin\u00f3 casi cuatro minutos por delante del subcampe\u00f3n<strong>\u00a0Isaac Del Toro, el mexicano de 21 a\u00f1os que visti\u00f3 de rosa durante diez d\u00edas antes de que Yates tomara el control.<\/strong><\/p>\n<p>Es el segundo t\u00edtulo de una Gran Vuelta para Yates despu\u00e9s de haber ganado la Vuelta a Espa\u00f1a en 2018.<\/p>\n<p>Yates visti\u00f3 de rosa durante 13 d\u00edas en el<strong>\u00a0Giro de 2018<\/strong>\u00a0antes de desfallecer en una de las \u00faltimas subidas. Tambi\u00e9n tuvo que retirarse de la carrera italiana en 2020 y 2022, debido al coronavirus y a una lesi\u00f3n de rodilla, respectivamente.<\/p>\n<p>&nbsp;<\/p>\n<p>AP<\/p>\n","protected":false},"excerpt":{"rendered":"<p>El ciclista brit\u00e1nico\u00a0Simon Yates\u00a0conquist\u00f3 el domingo el Giro de Italia, ganando finalmente la carrera que tantas veces se le hab\u00eda escapado. Despu\u00e9s de atacar en la subida de carretera de grava para tomar la\u00a0maglia rosa\u00a0en la pen\u00faltima etapa del s\u00e1bado, Yates termin\u00f3 casi cuatro minutos por delante del subcampe\u00f3n\u00a0Isaac Del Toro, el mexicano de 21 [&hellip;]<\/p>\n","protected":false},"author":2,"featured_media":220257,"comment_status":"closed","ping_status":"closed","sticky":false,"template":"","format":"standard","meta":{"footnotes":""},"categories":[188,12870],"tags":[5231,12865],"class_list":["post-220256","post","type-post","status-publish","format-standard","has-post-thumbnail","hentry","category-deportes","category-destacadas","tag-deportes","tag-destacadas"],"jetpack_featured_media_url":"https:\/\/rnoticias.com.mx\/Portal\/wp-content\/uploads\/2025\/06\/000-48qk76u-101155.jpg","amp_enabled":true,"_links":{"self":[{"href":"https:\/\/rnoticias.com.mx\/Portal\/wp-json\/wp\/v2\/posts\/220256","targetHints":{"allow":["GET"]}}],"collection":[{"href":"https:\/\/rnoticias.com.mx\/Portal\/wp-json\/wp\/v2\/posts"}],"about":[{"href":"https:\/\/rnoticias.com.mx\/Portal\/wp-json\/wp\/v2\/types\/post"}],"author":[{"embeddable":true,"href":"https:\/\/rnoticias.com.mx\/Portal\/wp-json\/wp\/v2\/users\/2"}],"replies":[{"embeddable":true,"href":"https:\/\/rnoticias.com.mx\/Portal\/wp-json\/wp\/v2\/comments?post=220256"}],"version-history":[{"count":1,"href":"https:\/\/rnoticias.com.mx\/Portal\/wp-json\/wp\/v2\/posts\/220256\/revisions"}],"predecessor-version":[{"id":220258,"href":"https:\/\/rnoticias.com.mx\/Portal\/wp-json\/wp\/v2\/posts\/220256\/revisions\/220258"}],"wp:featuredmedia":[{"embeddable":true,"href":"https:\/\/rnoticias.com.mx\/Portal\/wp-json\/wp\/v2\/media\/220257"}],"wp:attachment":[{"href":"https:\/\/rnoticias.com.mx\/Portal\/wp-json\/wp\/v2\/media?parent=220256"}],"wp:term":[{"taxonomy":"category","embeddable":true,"href":"https:\/\/rnoticias.com.mx\/Portal\/wp-json\/wp\/v2\/categories?post=220256"},{"taxonomy":"post_tag","embeddable":true,"href":"https:\/\/rnoticias.com.mx\/Portal\/wp-json\/wp\/v2\/tags?post=220256"}],"curies":[{"name":"wp","href":"https:\/\/api.w.org\/{rel}","templated":true}]}}