{"id":220250,"date":"2025-05-31T17:35:42","date_gmt":"2025-06-01T00:35:42","guid":{"rendered":"https:\/\/rnoticias.com.mx\/Portal\/?p=220250"},"modified":"2025-05-31T17:35:42","modified_gmt":"2025-06-01T00:35:42","slug":"grupo-firme-cancela-show-en-eeuu-por-problemas-con-sus-v","status":"publish","type":"post","link":"https:\/\/rnoticias.com.mx\/Portal\/2025\/05\/31\/grupo-firme-cancela-show-en-eeuu-por-problemas-con-sus-v\/","title":{"rendered":"Grupo Firme cancela show en EEUU por problemas con sus v"},"content":{"rendered":"<p>La agrupaci\u00f3n mexicana\u00a0<strong>Grupo Firme\u00a0<\/strong>anunci\u00f3 que no podr\u00e1 presentarse en<strong>\u00a0\u2018La Onda Fest\u2019<\/strong>, festival que se celebrar\u00e1 el pr\u00f3ximo 1 de junio en\u00a0<strong>Napa Valley, California,<\/strong>\u00a0debido a un contratiempo con sus visas de trabajo.<\/p>\n<p>A trav\u00e9s de un comunicado difundido en sus redes sociales, la banda inform\u00f3 que tanto sus visas como las del equipo de<strong>\u00a0Music VIP Entertainment\u00a0<\/strong>se encuentran actualmente en proceso administrativo ante la\u00a0<strong>Embajada de los Estados Unidos<\/strong>. Esta situaci\u00f3n imposibilita su entrada al pa\u00eds y, por ende, su presentaci\u00f3n en el evento musical.<\/p>\n<blockquote class=\"wp-block-quote\"><p>\u201cLamentamos los inconvenientes que esto pueda ocasionar\u201d, expres\u00f3 el grupo, al tiempo que agradeci\u00f3 la comprensi\u00f3n y el cari\u00f1o de sus seguidores en el pa\u00eds estadounidense.<\/p><\/blockquote>\n<p>La banda asegur\u00f3 que informar\u00e1 pr\u00f3ximamente sobre su regreso a territorio estadounidense. \u201cPronto les daremos noticias de nuestro regreso a la Uni\u00f3n Americana para encontrarnos de nuevo y volver a cantar, bailar y brindar juntos\u201d, concluye el comunicado, firmado por Grupo Firme y Music VIP Entertainment.<\/p>\n<p>El anuncio ha generado m\u00faltiples reacciones entre sus seguidores, quienes esperaban su participaci\u00f3n en el festival que re\u00fane a artistas destacados del regional mexicano.<\/p>\n","protected":false},"excerpt":{"rendered":"<p>La agrupaci\u00f3n mexicana\u00a0Grupo Firme\u00a0anunci\u00f3 que no podr\u00e1 presentarse en\u00a0\u2018La Onda Fest\u2019, festival que se celebrar\u00e1 el pr\u00f3ximo 1 de junio en\u00a0Napa Valley, California,\u00a0debido a un contratiempo con sus visas de trabajo. A trav\u00e9s de un comunicado difundido en sus redes sociales, la banda inform\u00f3 que tanto sus visas como las del equipo de\u00a0Music VIP Entertainment\u00a0se [&hellip;]<\/p>\n","protected":false},"author":2,"featured_media":220251,"comment_status":"closed","ping_status":"closed","sticky":false,"template":"","format":"standard","meta":{"footnotes":""},"categories":[12870,219],"tags":[12865,12875],"class_list":["post-220250","post","type-post","status-publish","format-standard","has-post-thumbnail","hentry","category-destacadas","category-espectaculos","tag-destacadas","tag-espectaculos"],"jetpack_featured_media_url":"https:\/\/rnoticias.com.mx\/Portal\/wp-content\/uploads\/2025\/05\/grupo-firme-cancela-concierto-en-estados-unidos-problemas-con-visas-frenan-su-presentacion-753d4d72.png","amp_enabled":true,"_links":{"self":[{"href":"https:\/\/rnoticias.com.mx\/Portal\/wp-json\/wp\/v2\/posts\/220250","targetHints":{"allow":["GET"]}}],"collection":[{"href":"https:\/\/rnoticias.com.mx\/Portal\/wp-json\/wp\/v2\/posts"}],"about":[{"href":"https:\/\/rnoticias.com.mx\/Portal\/wp-json\/wp\/v2\/types\/post"}],"author":[{"embeddable":true,"href":"https:\/\/rnoticias.com.mx\/Portal\/wp-json\/wp\/v2\/users\/2"}],"replies":[{"embeddable":true,"href":"https:\/\/rnoticias.com.mx\/Portal\/wp-json\/wp\/v2\/comments?post=220250"}],"version-history":[{"count":1,"href":"https:\/\/rnoticias.com.mx\/Portal\/wp-json\/wp\/v2\/posts\/220250\/revisions"}],"predecessor-version":[{"id":220252,"href":"https:\/\/rnoticias.com.mx\/Portal\/wp-json\/wp\/v2\/posts\/220250\/revisions\/220252"}],"wp:featuredmedia":[{"embeddable":true,"href":"https:\/\/rnoticias.com.mx\/Portal\/wp-json\/wp\/v2\/media\/220251"}],"wp:attachment":[{"href":"https:\/\/rnoticias.com.mx\/Portal\/wp-json\/wp\/v2\/media?parent=220250"}],"wp:term":[{"taxonomy":"category","embeddable":true,"href":"https:\/\/rnoticias.com.mx\/Portal\/wp-json\/wp\/v2\/categories?post=220250"},{"taxonomy":"post_tag","embeddable":true,"href":"https:\/\/rnoticias.com.mx\/Portal\/wp-json\/wp\/v2\/tags?post=220250"}],"curies":[{"name":"wp","href":"https:\/\/api.w.org\/{rel}","templated":true}]}}