{"id":220222,"date":"2025-05-31T13:26:37","date_gmt":"2025-05-31T20:26:37","guid":{"rendered":"https:\/\/rnoticias.com.mx\/Portal\/?p=220222"},"modified":"2025-05-31T13:26:37","modified_gmt":"2025-05-31T20:26:37","slug":"denuncian-supuesta-pelea-de-gallos-en-una-primaria-en-hidalgo","status":"publish","type":"post","link":"https:\/\/rnoticias.com.mx\/Portal\/2025\/05\/31\/denuncian-supuesta-pelea-de-gallos-en-una-primaria-en-hidalgo\/","title":{"rendered":"Denuncian supuesta pelea de gallos en una primaria en Hidalgo"},"content":{"rendered":"<p>La organizaci\u00f3n\u00a0<strong>La Jaur\u00eda de Bal\u00fa denunci\u00f3 p\u00fablicamente una supuesta pelea de gallos al interior de la escuela primaria Frida Kahlo, ubicada en el fraccionamiento Tulipanes del municipio de Mineral de la Reforma, en el estado de Hidalgo.<\/strong><\/p>\n<p>La agrupaci\u00f3n protectora de animales dio a conocer un video grabado la ma\u00f1ana del 29 de mayo en el que se observa a varias aves en el patio del centro escolar, donde presuntamente se organiza una pelea de gallos frente a estudiantes de la escuela primaria con clave de trabajo 13DPR2885D.<\/p>\n<p>Luisa Jim\u00e9nez del \u00c1ngel lament\u00f3 que se permita este tipo de exhibiciones frente al alumnado, ya que, dijo:\u00a0<strong><em>\u201cEsto atenta contra la integridad de las infancias y tambi\u00e9n contra la vida de los animales. Es terrible que en un centro educativo se normalice la violencia.\u201d<\/em><\/strong><\/p>\n<p>La publicaci\u00f3n gener\u00f3 reacciones entre defensores de los derechos de los animales, quienes calificaron el acto como un retroceso y una falta de empat\u00eda hacia los seres vivos. Sin embargo, tambi\u00e9n hubo padres de familia que negaron que se tratara de una pelea de gallos.<\/p>\n<p>Aseguraron que no fue una pelea, sino una actividad que form\u00f3 parte de una representaci\u00f3n cultural en el marco de una exposici\u00f3n dedicada al estado de Aguascalientes y su feria.<\/p>\n<p>De igual manera, afirmaron que los gallos no sufrieron violencia, ya que no portaban navajas en los espolones; adem\u00e1s, estos fueron cubiertos con esponja y cinta adhesiva. Indicaron que fue una demostraci\u00f3n simb\u00f3lica, sin da\u00f1os a los animales, y que todo estuvo controlado y supervisado por docentes.<\/p>\n<p><strong>Tambi\u00e9n se\u00f1alaron que el evento incluy\u00f3 otras expresiones culturales, como danzas y vestimentas t\u00edpicas de la regi\u00f3n.<\/strong><\/p>\n<p>Sin embargo, nuevamente se resalt\u00f3 que los animales fueron sometidos a un estr\u00e9s innecesario.<\/p>\n<p>&nbsp;<\/p>\n<p>El Universal<\/p>\n","protected":false},"excerpt":{"rendered":"<p>La organizaci\u00f3n\u00a0La Jaur\u00eda de Bal\u00fa denunci\u00f3 p\u00fablicamente una supuesta pelea de gallos al interior de la escuela primaria Frida Kahlo, ubicada en el fraccionamiento Tulipanes del municipio de Mineral de la Reforma, en el estado de Hidalgo. La agrupaci\u00f3n protectora de animales dio a conocer un video grabado la ma\u00f1ana del 29 de mayo en [&hellip;]<\/p>\n","protected":false},"author":2,"featured_media":220223,"comment_status":"closed","ping_status":"closed","sticky":false,"template":"","format":"standard","meta":{"footnotes":""},"categories":[12870,172],"tags":[12865,12874],"class_list":["post-220222","post","type-post","status-publish","format-standard","has-post-thumbnail","hentry","category-destacadas","category-nacional","tag-destacadas","tag-nacional"],"jetpack_featured_media_url":"https:\/\/rnoticias.com.mx\/Portal\/wp-content\/uploads\/2025\/05\/2911.jpg","amp_enabled":true,"_links":{"self":[{"href":"https:\/\/rnoticias.com.mx\/Portal\/wp-json\/wp\/v2\/posts\/220222","targetHints":{"allow":["GET"]}}],"collection":[{"href":"https:\/\/rnoticias.com.mx\/Portal\/wp-json\/wp\/v2\/posts"}],"about":[{"href":"https:\/\/rnoticias.com.mx\/Portal\/wp-json\/wp\/v2\/types\/post"}],"author":[{"embeddable":true,"href":"https:\/\/rnoticias.com.mx\/Portal\/wp-json\/wp\/v2\/users\/2"}],"replies":[{"embeddable":true,"href":"https:\/\/rnoticias.com.mx\/Portal\/wp-json\/wp\/v2\/comments?post=220222"}],"version-history":[{"count":1,"href":"https:\/\/rnoticias.com.mx\/Portal\/wp-json\/wp\/v2\/posts\/220222\/revisions"}],"predecessor-version":[{"id":220224,"href":"https:\/\/rnoticias.com.mx\/Portal\/wp-json\/wp\/v2\/posts\/220222\/revisions\/220224"}],"wp:featuredmedia":[{"embeddable":true,"href":"https:\/\/rnoticias.com.mx\/Portal\/wp-json\/wp\/v2\/media\/220223"}],"wp:attachment":[{"href":"https:\/\/rnoticias.com.mx\/Portal\/wp-json\/wp\/v2\/media?parent=220222"}],"wp:term":[{"taxonomy":"category","embeddable":true,"href":"https:\/\/rnoticias.com.mx\/Portal\/wp-json\/wp\/v2\/categories?post=220222"},{"taxonomy":"post_tag","embeddable":true,"href":"https:\/\/rnoticias.com.mx\/Portal\/wp-json\/wp\/v2\/tags?post=220222"}],"curies":[{"name":"wp","href":"https:\/\/api.w.org\/{rel}","templated":true}]}}