{"id":220219,"date":"2025-05-31T13:25:01","date_gmt":"2025-05-31T20:25:01","guid":{"rendered":"https:\/\/rnoticias.com.mx\/Portal\/?p=220219"},"modified":"2025-05-31T13:25:01","modified_gmt":"2025-05-31T20:25:01","slug":"cancelan-actuacion-de-shakira-en-concierto-inaugural-del-world-pride-por-problemas-tecnicos","status":"publish","type":"post","link":"https:\/\/rnoticias.com.mx\/Portal\/2025\/05\/31\/cancelan-actuacion-de-shakira-en-concierto-inaugural-del-world-pride-por-problemas-tecnicos\/","title":{"rendered":"Cancelan actuaci\u00f3n de Shakira en concierto inaugural del World Pride por problemas t\u00e9cnicos"},"content":{"rendered":"<p>Shakira, que encabezaba el cartel del concierto inaugural del World Pride 2025 en Washington, cancel\u00f3 abruptamente su participaci\u00f3n un d\u00eda antes del evento debido a problemas con el equipo.<\/p>\n<p><strong><em>\u201cEstamos profundamente disgustados porque circunstancias imprevistas hayan forzado la cancelaci\u00f3n\u201d\u00a0<\/em><\/strong>del concierto, dijo Capital Pride Alliance, el principal organizador del World Pride, en un comunicado el viernes.\u00a0<strong><em>\u201c\u00a1Las novedades sobre el programa de la Ceremonia Inaugural se dar\u00e1n a conocer tan pronto como se confirmen!\u201d.<\/em><\/strong><\/p>\n<p>Estaba previsto que la estrella colombiana encabezase la celebraci\u00f3n del s\u00e1bado por la noche en el National Park. Al parecer, el motivo de la cancelaci\u00f3n es la continuidad de los problemas t\u00e9cnicos relacionados con su concierto del jueves por la noche en el Fenway Park de Boston, que fue suspendido horas antes del comienzo. El show que iba a dar el viernes por la noche el m\u00fasico de country Jason Aldean en el mismo recinto tambi\u00e9n fue cancelado.<\/p>\n<p><strong><em>\u201cDebido a complicaciones con su espect\u00e1culo anterior en Boston, la producci\u00f3n completa de la gira de Shakira no puede ser trasladada a Washington, D.C, a tiempo para la actuaci\u00f3n prevista en el National Park\u201d,<\/em><\/strong>\u00a0indic\u00f3 Capital Pride Alliance.<strong><em>\u00a0\u201cA pesar de todos los esfuerzos para que sucediera, no es posible seguir adelante seg\u00fan lo previsto\u201d.<\/em><\/strong><\/p>\n<p>Los organizadores afirmaron que el resto del programa de eventos en toda la ciudad segu\u00eda en pie para el fin de semana y dijeron que la ceremonia inaugural ser\u00e1 reubicada y reorganizada.<\/p>\n<p>La cancelaci\u00f3n presenta un desaf\u00edo adicional para Capital Pride Alliance, aunque al menos no es de \u00edndole pol\u00edtica. Los organizadores ya hab\u00edan declarado que esperaban que la asistencia internacional se viera afectada de manera significativa por la preocupaci\u00f3n y el malestar en la comunidad LGBTQ+ por las pol\u00edticas del presidente Donald Trump.<\/p>\n<p>La hostilidad p\u00fablica de Trump hacia la protecci\u00f3n a las personas trans y los espect\u00e1culos de drag ya ha llevado a dos organizaciones internacionales LGBTQ+ \u2014Eagle Canada y African Human Rights Coalition\u2014, a advertir en contra de viajar a Estados Unidos. La principal preocupaci\u00f3n es que las personas trans o no binarias tengan problemas para ingresar al pa\u00eds si los agentes de control de pasaportes aplican la estricta visi\u00f3n binaria de g\u00e9nero del gobierno.<\/p>\n<p>Algunos posibles participantes internacionales ya anunciaron que no asistir\u00e1n a los eventos de este a\u00f1o, ya sea por miedo al acoso o como boicot a las pol\u00edticas de Trump. Pero otros han llamado a una movilizaci\u00f3n nacional para abarrotar la capital.<\/p>\n<p>El director ejecutivo de Capital Pride Alliance, Ryan Bos, dijo que se instalar\u00edan vallas de seguridad alrededor del concierto y del acto final de dos d\u00edas en un tramo de varias cuadras de la Avenida Pensilvania.<\/p>\n","protected":false},"excerpt":{"rendered":"<p>Shakira, que encabezaba el cartel del concierto inaugural del World Pride 2025 en Washington, cancel\u00f3 abruptamente su participaci\u00f3n un d\u00eda antes del evento debido a problemas con el equipo. \u201cEstamos profundamente disgustados porque circunstancias imprevistas hayan forzado la cancelaci\u00f3n\u201d\u00a0del concierto, dijo Capital Pride Alliance, el principal organizador del World Pride, en un comunicado el viernes.\u00a0\u201c\u00a1Las [&hellip;]<\/p>\n","protected":false},"author":2,"featured_media":220220,"comment_status":"closed","ping_status":"closed","sticky":false,"template":"","format":"standard","meta":{"footnotes":""},"categories":[12870,219],"tags":[12865,12875],"class_list":["post-220219","post","type-post","status-publish","format-standard","has-post-thumbnail","hentry","category-destacadas","category-espectaculos","tag-destacadas","tag-espectaculos"],"jetpack_featured_media_url":"https:\/\/rnoticias.com.mx\/Portal\/wp-content\/uploads\/2025\/05\/67fd4e696695d.webp","amp_enabled":true,"_links":{"self":[{"href":"https:\/\/rnoticias.com.mx\/Portal\/wp-json\/wp\/v2\/posts\/220219","targetHints":{"allow":["GET"]}}],"collection":[{"href":"https:\/\/rnoticias.com.mx\/Portal\/wp-json\/wp\/v2\/posts"}],"about":[{"href":"https:\/\/rnoticias.com.mx\/Portal\/wp-json\/wp\/v2\/types\/post"}],"author":[{"embeddable":true,"href":"https:\/\/rnoticias.com.mx\/Portal\/wp-json\/wp\/v2\/users\/2"}],"replies":[{"embeddable":true,"href":"https:\/\/rnoticias.com.mx\/Portal\/wp-json\/wp\/v2\/comments?post=220219"}],"version-history":[{"count":1,"href":"https:\/\/rnoticias.com.mx\/Portal\/wp-json\/wp\/v2\/posts\/220219\/revisions"}],"predecessor-version":[{"id":220221,"href":"https:\/\/rnoticias.com.mx\/Portal\/wp-json\/wp\/v2\/posts\/220219\/revisions\/220221"}],"wp:featuredmedia":[{"embeddable":true,"href":"https:\/\/rnoticias.com.mx\/Portal\/wp-json\/wp\/v2\/media\/220220"}],"wp:attachment":[{"href":"https:\/\/rnoticias.com.mx\/Portal\/wp-json\/wp\/v2\/media?parent=220219"}],"wp:term":[{"taxonomy":"category","embeddable":true,"href":"https:\/\/rnoticias.com.mx\/Portal\/wp-json\/wp\/v2\/categories?post=220219"},{"taxonomy":"post_tag","embeddable":true,"href":"https:\/\/rnoticias.com.mx\/Portal\/wp-json\/wp\/v2\/tags?post=220219"}],"curies":[{"name":"wp","href":"https:\/\/api.w.org\/{rel}","templated":true}]}}