{"id":220174,"date":"2025-05-31T07:10:48","date_gmt":"2025-05-31T14:10:48","guid":{"rendered":"https:\/\/rnoticias.com.mx\/Portal\/?p=220174"},"modified":"2025-05-31T07:10:48","modified_gmt":"2025-05-31T14:10:48","slug":"reconoce-gobierno-de-sonora-entrega-y-preparacion-de-enfermeras-y-enfermeros-de-isssteson","status":"publish","type":"post","link":"https:\/\/rnoticias.com.mx\/Portal\/2025\/05\/31\/reconoce-gobierno-de-sonora-entrega-y-preparacion-de-enfermeras-y-enfermeros-de-isssteson\/","title":{"rendered":"Reconoce Gobierno de Sonora entrega y preparaci\u00f3n de enfermeras y enfermeros de Isssteson"},"content":{"rendered":"<div><b>Hermosillo, Sonora; 31 de mayo de 2025.- <\/b>Con el objetivo de fortalecer los conocimientos del personal de enfermer\u00eda y mejorar la atenci\u00f3n a la derechohabiencia, el Gobierno de Sonora a trav\u00e9s del Instituto de Seguridad y Servicios Sociales de los Trabajadores del Estado de Sonora (ISSSTESON) llev\u00f3 a cabo el foro \u201cLiderazgo en enfermer\u00eda en el sistema de salud\u201d, en el Centro M\u00e9dico \u201cDr. Ignacio Ch\u00e1vez\u201d, en Hermosillo.<\/p>\n<p>El evento, realizado con el respaldo del Gobierno del Estado que encabeza Alfonso Durazo, incluy\u00f3 tres ponencias: \u201cEnfermer\u00eda y primera infancia\u201d, \u00a0\u201cEl pensamiento cr\u00edtico y la tecnolog\u00eda\u201d e \u201cImpacto e importancia de la formaci\u00f3n acad\u00e9mica en especializaci\u00f3n para el profesional de enfermer\u00eda\u201d.<\/p>\n<p>Asimismo, se desarroll\u00f3 la mesa de an\u00e1lisis \u201cLa gesti\u00f3n, un compromiso del personal de enfermer\u00eda\u201d, todas presentadas por expertos en la materia.<\/p>\n<p>En la ceremonia de clausura, el director general de Isssteson, Luis Alonso Osuna Cota, entreg\u00f3 reconocimientos a 13 profesionales de enfermer\u00eda del Instituto, provenientes de Hermosillo, Ciudad Obreg\u00f3n, Nogales y Guaymas, as\u00ed como de manera virtual a personal de Cananea, San Luis R\u00edo Colorado y Navojoa.<\/p>\n<p>Destac\u00f3 no solo el legado de las y los enfermeros de Isssteson, sino tambi\u00e9n su liderazgo, preparaci\u00f3n y compromiso, exhort\u00e1ndolos a continuar su capacitaci\u00f3n en beneficio de la derechohabiencia.<\/p>\n<p>El foro cont\u00f3 con la presencia de:<br \/>\n\u2022 Adaluz Villegas Mart\u00ednez, subdirectora m\u00e9dica de ISSSTESON<br \/>\n\u2022 Mirna Pe\u00f1\u00fa\u00f1uri Mungu\u00eda, jefa de enfermer\u00eda del Hospital Ch\u00e1vez<br \/>\n\u2022 Nohem\u00ed Guzm\u00e1n L\u00f3pez, Alejandra Carrillo Cuevas y Arena Cisneros Durazo, jefas de enfermer\u00eda en los CIAS Norte, Centro y Sur, respectivamente<br \/>\n\u2022 Karina Hern\u00e1ndez Flores, titular del Colegio Sonorense de Enfermeras A.C.<\/p><\/div>\n<div><\/div>\n","protected":false},"excerpt":{"rendered":"<p>Hermosillo, Sonora; 31 de mayo de 2025.- Con el objetivo de fortalecer los conocimientos del personal de enfermer\u00eda y mejorar la atenci\u00f3n a la derechohabiencia, el Gobierno de Sonora a trav\u00e9s del Instituto de Seguridad y Servicios Sociales de los Trabajadores del Estado de Sonora (ISSSTESON) llev\u00f3 a cabo el foro \u201cLiderazgo en enfermer\u00eda en [&hellip;]<\/p>\n","protected":false},"author":2,"featured_media":220175,"comment_status":"closed","ping_status":"closed","sticky":false,"template":"","format":"standard","meta":{"footnotes":""},"categories":[12870,178],"tags":[12865,12869],"class_list":["post-220174","post","type-post","status-publish","format-standard","has-post-thumbnail","hentry","category-destacadas","category-local","tag-destacadas","tag-local"],"jetpack_featured_media_url":"https:\/\/rnoticias.com.mx\/Portal\/wp-content\/uploads\/2025\/05\/ISSSTESON2025-ForoEnfermeria-01.jpeg","amp_enabled":true,"_links":{"self":[{"href":"https:\/\/rnoticias.com.mx\/Portal\/wp-json\/wp\/v2\/posts\/220174","targetHints":{"allow":["GET"]}}],"collection":[{"href":"https:\/\/rnoticias.com.mx\/Portal\/wp-json\/wp\/v2\/posts"}],"about":[{"href":"https:\/\/rnoticias.com.mx\/Portal\/wp-json\/wp\/v2\/types\/post"}],"author":[{"embeddable":true,"href":"https:\/\/rnoticias.com.mx\/Portal\/wp-json\/wp\/v2\/users\/2"}],"replies":[{"embeddable":true,"href":"https:\/\/rnoticias.com.mx\/Portal\/wp-json\/wp\/v2\/comments?post=220174"}],"version-history":[{"count":1,"href":"https:\/\/rnoticias.com.mx\/Portal\/wp-json\/wp\/v2\/posts\/220174\/revisions"}],"predecessor-version":[{"id":220176,"href":"https:\/\/rnoticias.com.mx\/Portal\/wp-json\/wp\/v2\/posts\/220174\/revisions\/220176"}],"wp:featuredmedia":[{"embeddable":true,"href":"https:\/\/rnoticias.com.mx\/Portal\/wp-json\/wp\/v2\/media\/220175"}],"wp:attachment":[{"href":"https:\/\/rnoticias.com.mx\/Portal\/wp-json\/wp\/v2\/media?parent=220174"}],"wp:term":[{"taxonomy":"category","embeddable":true,"href":"https:\/\/rnoticias.com.mx\/Portal\/wp-json\/wp\/v2\/categories?post=220174"},{"taxonomy":"post_tag","embeddable":true,"href":"https:\/\/rnoticias.com.mx\/Portal\/wp-json\/wp\/v2\/tags?post=220174"}],"curies":[{"name":"wp","href":"https:\/\/api.w.org\/{rel}","templated":true}]}}