{"id":220163,"date":"2025-05-30T19:35:06","date_gmt":"2025-05-31T02:35:06","guid":{"rendered":"https:\/\/rnoticias.com.mx\/Portal\/?p=220163"},"modified":"2025-05-30T19:35:06","modified_gmt":"2025-05-31T02:35:06","slug":"gobernador-durazo-logra-avance-historico-en-empleo-sonora-registra-menor-tasa-de-desocupacion-en-18-anos","status":"publish","type":"post","link":"https:\/\/rnoticias.com.mx\/Portal\/2025\/05\/30\/gobernador-durazo-logra-avance-historico-en-empleo-sonora-registra-menor-tasa-de-desocupacion-en-18-anos\/","title":{"rendered":"Gobernador Durazo logra avance hist\u00f3rico en empleo; Sonora registra menor tasa de desocupaci\u00f3n en 18 a\u00f1os"},"content":{"rendered":"<p align=\"left\">Hermosillo, Sonora; 30 de mayo de 2025.- El liderazgo del gobernador Alfonso Durazo Monta\u00f1o para promover el potencial econ\u00f3mico de Sonora y atraer mayor inversi\u00f3n extranjera, ha dado como resultado la generaci\u00f3n de mejores empleos y la tasa m\u00e1s baja de desocupaci\u00f3n con una cifra de 2.57 por ciento en los \u00faltimos 18 a\u00f1os.<\/p>\n<p align=\"left\">De acuerdo con la Encuesta Nacional de Ocupaci\u00f3n y Empleo (ENOE) que dio a conocer el Instituto Nacional de Estad\u00edstica y Geograf\u00eda (INEGI), Sonora mantiene una tendencia de crecimiento de empleos mejor remunerados y un aumento en los puestos laborales que trabajan bajo el esquema formal, lo que ha colocado a la entidad sonorense en el s\u00e9ptimo lugar nacional con menor informalidad.<\/p>\n<p align=\"left\">En este estudio se muestra que la tasa de ocupaci\u00f3n parcial es del 7.70 por ciento, es decir un nivel que no se registraba desde 2007. Este indicador significa que la entidad ha generado mejores condiciones laborales con empleos de mayor calidad, ya que se redujo el n\u00famero de personas con jornadas laborales menores a 15 horas semanales, que no les permit\u00eda contar con ingresos suficientes o aprovechar su capacidad laboral.<\/p>\n<p align=\"left\">En la tasa de presi\u00f3n general para el primer trimestre de este 2025, se reflej\u00f3 un resultado de 5.82 por ciento, un nivel que no se registraba desde 2008, y que representa una mayor conformidad con los empleos e ingresos que actualmente se tienen.<\/p>\n<p align=\"left\">En lo que respecta a la tasa de subocupaci\u00f3n, la cual mide cu\u00e1ntas personas con empleo consideran que tienen que trabajar m\u00e1s horas porque su percepci\u00f3n salarial no les alcanza, al primer trimestre de 2025 se redujo a 4.18 por ciento, nivel no se observaba desde 2008, esto como consecuencia de las mejoras del ingreso de las personas empleadas.<\/p>\n","protected":false},"excerpt":{"rendered":"<p>Hermosillo, Sonora; 30 de mayo de 2025.- El liderazgo del gobernador Alfonso Durazo Monta\u00f1o para promover el potencial econ\u00f3mico de Sonora y atraer mayor inversi\u00f3n extranjera, ha dado como resultado la generaci\u00f3n de mejores empleos y la tasa m\u00e1s baja de desocupaci\u00f3n con una cifra de 2.57 por ciento en los \u00faltimos 18 a\u00f1os. De [&hellip;]<\/p>\n","protected":false},"author":2,"featured_media":220164,"comment_status":"closed","ping_status":"closed","sticky":false,"template":"","format":"standard","meta":{"footnotes":""},"categories":[12870,178],"tags":[12865,12869],"class_list":["post-220163","post","type-post","status-publish","format-standard","has-post-thumbnail","hentry","category-destacadas","category-local","tag-destacadas","tag-local"],"jetpack_featured_media_url":"https:\/\/rnoticias.com.mx\/Portal\/wp-content\/uploads\/2025\/05\/unnamed-19-31.jpg","amp_enabled":true,"_links":{"self":[{"href":"https:\/\/rnoticias.com.mx\/Portal\/wp-json\/wp\/v2\/posts\/220163","targetHints":{"allow":["GET"]}}],"collection":[{"href":"https:\/\/rnoticias.com.mx\/Portal\/wp-json\/wp\/v2\/posts"}],"about":[{"href":"https:\/\/rnoticias.com.mx\/Portal\/wp-json\/wp\/v2\/types\/post"}],"author":[{"embeddable":true,"href":"https:\/\/rnoticias.com.mx\/Portal\/wp-json\/wp\/v2\/users\/2"}],"replies":[{"embeddable":true,"href":"https:\/\/rnoticias.com.mx\/Portal\/wp-json\/wp\/v2\/comments?post=220163"}],"version-history":[{"count":1,"href":"https:\/\/rnoticias.com.mx\/Portal\/wp-json\/wp\/v2\/posts\/220163\/revisions"}],"predecessor-version":[{"id":220165,"href":"https:\/\/rnoticias.com.mx\/Portal\/wp-json\/wp\/v2\/posts\/220163\/revisions\/220165"}],"wp:featuredmedia":[{"embeddable":true,"href":"https:\/\/rnoticias.com.mx\/Portal\/wp-json\/wp\/v2\/media\/220164"}],"wp:attachment":[{"href":"https:\/\/rnoticias.com.mx\/Portal\/wp-json\/wp\/v2\/media?parent=220163"}],"wp:term":[{"taxonomy":"category","embeddable":true,"href":"https:\/\/rnoticias.com.mx\/Portal\/wp-json\/wp\/v2\/categories?post=220163"},{"taxonomy":"post_tag","embeddable":true,"href":"https:\/\/rnoticias.com.mx\/Portal\/wp-json\/wp\/v2\/tags?post=220163"}],"curies":[{"name":"wp","href":"https:\/\/api.w.org\/{rel}","templated":true}]}}