{"id":220157,"date":"2025-05-30T17:57:49","date_gmt":"2025-05-31T00:57:49","guid":{"rendered":"https:\/\/rnoticias.com.mx\/Portal\/?p=220157"},"modified":"2025-05-30T17:57:49","modified_gmt":"2025-05-31T00:57:49","slug":"apertura-gobierno-de-hermosillo-las-primeras-tres-paradas-de-camion-refrigeradas-con-videovigilancia","status":"publish","type":"post","link":"https:\/\/rnoticias.com.mx\/Portal\/2025\/05\/30\/apertura-gobierno-de-hermosillo-las-primeras-tres-paradas-de-camion-refrigeradas-con-videovigilancia\/","title":{"rendered":"Apertura Gobierno de Hermosillo las primeras tres paradas de cami\u00f3n refrigeradas con videovigilancia"},"content":{"rendered":"<p>Hermosillo, Sonora, mayo 30, 2025.- Como parte de las acciones del Gobierno Municipal para ofrecer espacios seguros a la ciudadan\u00eda, a partir de este viernes 30 de mayo quedan abiertas tres paradas de camiones refrigeradas con sistema de paneles solares y de videovigilancia, inform\u00f3 Astart\u00e9 Corro Ruiz, directora general de Desarrollo de Infraestructura.<\/p>\n<p>Corro Ruiz precis\u00f3 que las ubicaciones de las paradas son la de Leona Vicario en calle Pino Su\u00e1rez entre avenida Monterrey y avenida Plutarco El\u00edas Calles; la de Tacos del Chino en bulevar Jos\u00e9 Mar\u00eda Morelos entre calle Ponciano Arriaga y avenida Ignacio Mariscal y la de Cecytes, ubicada en el bulevar Luis Encinas esquina con Ures.<\/p>\n<p>Explic\u00f3 que por instrucciones del presidente municipal Antonio Astiazar\u00e1n Guti\u00e9rrez se realiz\u00f3 este proyecto para ofrecer a las y los hermosillenses un entorno seguro al desplazarse en la ciudad por lo que construyeron las paradas de cami\u00f3n en las que se destaca el sistema fotovolt\u00e1ico, iluminaci\u00f3n LED, sistema de aire acondicionado, rack de carga para celulares con entrada USB y tipo C, c\u00e1mara de vigilancia y pantalla de 42 pulgadas para informaci\u00f3n digital.<\/p>\n<p>La Directora General de Desarrollo de Infraestructura manifest\u00f3 que estuvieron trabajando en adecuaciones realizadas en coordinaci\u00f3n con la Comisi\u00f3n Federal de Electricidad y contin\u00faan trabajando en los \u00faltimos detalles de las dem\u00e1s paradas refrigeradas de las cuales se informar\u00e1 en pr\u00f3ximo de su apertura.<\/p>\n<p>Hizo un llamado a la poblaci\u00f3n en general de cuidar las casetas y reportar cualquier situaci\u00f3n al 911 para preservar las instalaciones que adem\u00e1s de tener un entorno seguro ayudan a los usuarios a resguardarse ante las altas temperaturas.<\/p>\n<p>Record\u00f3 que tuvieron registro de paradas vandalizadas en la Unison Sur con cristales rotos, Unison Norte con cristales rotos y la de Soriana Progreso con vandalismo, donde todos los trabajos de reparaci\u00f3n corrieron por cuenta de la empresa contratista.<\/p>\n","protected":false},"excerpt":{"rendered":"<p>Hermosillo, Sonora, mayo 30, 2025.- Como parte de las acciones del Gobierno Municipal para ofrecer espacios seguros a la ciudadan\u00eda, a partir de este viernes 30 de mayo quedan abiertas tres paradas de camiones refrigeradas con sistema de paneles solares y de videovigilancia, inform\u00f3 Astart\u00e9 Corro Ruiz, directora general de Desarrollo de Infraestructura. Corro Ruiz [&hellip;]<\/p>\n","protected":false},"author":2,"featured_media":220158,"comment_status":"closed","ping_status":"closed","sticky":false,"template":"","format":"standard","meta":{"footnotes":""},"categories":[12870,178],"tags":[12865,12869],"class_list":["post-220157","post","type-post","status-publish","format-standard","has-post-thumbnail","hentry","category-destacadas","category-local","tag-destacadas","tag-local"],"jetpack_featured_media_url":"https:\/\/rnoticias.com.mx\/Portal\/wp-content\/uploads\/2025\/05\/34553.jpeg","amp_enabled":true,"_links":{"self":[{"href":"https:\/\/rnoticias.com.mx\/Portal\/wp-json\/wp\/v2\/posts\/220157","targetHints":{"allow":["GET"]}}],"collection":[{"href":"https:\/\/rnoticias.com.mx\/Portal\/wp-json\/wp\/v2\/posts"}],"about":[{"href":"https:\/\/rnoticias.com.mx\/Portal\/wp-json\/wp\/v2\/types\/post"}],"author":[{"embeddable":true,"href":"https:\/\/rnoticias.com.mx\/Portal\/wp-json\/wp\/v2\/users\/2"}],"replies":[{"embeddable":true,"href":"https:\/\/rnoticias.com.mx\/Portal\/wp-json\/wp\/v2\/comments?post=220157"}],"version-history":[{"count":1,"href":"https:\/\/rnoticias.com.mx\/Portal\/wp-json\/wp\/v2\/posts\/220157\/revisions"}],"predecessor-version":[{"id":220159,"href":"https:\/\/rnoticias.com.mx\/Portal\/wp-json\/wp\/v2\/posts\/220157\/revisions\/220159"}],"wp:featuredmedia":[{"embeddable":true,"href":"https:\/\/rnoticias.com.mx\/Portal\/wp-json\/wp\/v2\/media\/220158"}],"wp:attachment":[{"href":"https:\/\/rnoticias.com.mx\/Portal\/wp-json\/wp\/v2\/media?parent=220157"}],"wp:term":[{"taxonomy":"category","embeddable":true,"href":"https:\/\/rnoticias.com.mx\/Portal\/wp-json\/wp\/v2\/categories?post=220157"},{"taxonomy":"post_tag","embeddable":true,"href":"https:\/\/rnoticias.com.mx\/Portal\/wp-json\/wp\/v2\/tags?post=220157"}],"curies":[{"name":"wp","href":"https:\/\/api.w.org\/{rel}","templated":true}]}}