{"id":220151,"date":"2025-05-30T17:53:50","date_gmt":"2025-05-31T00:53:50","guid":{"rendered":"https:\/\/rnoticias.com.mx\/Portal\/?p=220151"},"modified":"2025-05-30T17:53:50","modified_gmt":"2025-05-31T00:53:50","slug":"gobierno-de-sonora-refuerza-acciones-en-proteccion-ambiental","status":"publish","type":"post","link":"https:\/\/rnoticias.com.mx\/Portal\/2025\/05\/30\/gobierno-de-sonora-refuerza-acciones-en-proteccion-ambiental\/","title":{"rendered":"Gobierno de Sonora refuerza acciones en protecci\u00f3n ambiental"},"content":{"rendered":"<p align=\"justify\">Hermosillo, Sonora; 30 de mayo de 2025.- Con el objetivo de promover una cultura ambiental entre las y los usuarios del transporte p\u00fablico y fortalecer la sostenibilidad en el estado, el Gobierno de Sonora refuerza acciones en protecci\u00f3n ambiental mediante la firma de un convenio de colaboraci\u00f3n entre la Procuradur\u00eda Ambiental del Estado (Proaes) y el Instituto de Movilidad y Transporte para el Estado de Sonora (Imtes).<\/p>\n<p align=\"justify\">Comprometidos con la mejora en la calidad de vida de la poblaci\u00f3n sonorense, Perla Patricia Alday Lara y Carlos Sosa Casta\u00f1eda, titulares de Proaes e Imtes, respectivamente, formalizaron este acuerdo que permitir\u00e1 implementar estrategias conjuntas en beneficio del medio ambiente y la ciudadan\u00eda.<\/p>\n<p align=\"justify\">Impulsados por la visi\u00f3n del gobernador Alfonso Durazo, el convenio contempla el desarrollo de campa\u00f1as de sensibilizaci\u00f3n, difusi\u00f3n y promoci\u00f3n de contenidos que fortalezcan los programas de protecci\u00f3n ambiental, dirigidos especialmente a quienes utilizan el transporte p\u00fablico urbano.<\/p>\n<p align=\"justify\">El convenio\u00a0incluye tambi\u00e9n la capacitaci\u00f3n de las personas servidoras p\u00fablicas y concesionarios para el cumplimiento de la normativa en materia ambiental y los medios de contacto para realizar denuncias sobre estos temas.<\/p>\n","protected":false},"excerpt":{"rendered":"<p>Hermosillo, Sonora; 30 de mayo de 2025.- Con el objetivo de promover una cultura ambiental entre las y los usuarios del transporte p\u00fablico y fortalecer la sostenibilidad en el estado, el Gobierno de Sonora refuerza acciones en protecci\u00f3n ambiental mediante la firma de un convenio de colaboraci\u00f3n entre la Procuradur\u00eda Ambiental del Estado (Proaes) y [&hellip;]<\/p>\n","protected":false},"author":2,"featured_media":220152,"comment_status":"closed","ping_status":"closed","sticky":false,"template":"","format":"standard","meta":{"footnotes":""},"categories":[12870,178],"tags":[12865,12869],"class_list":["post-220151","post","type-post","status-publish","format-standard","has-post-thumbnail","hentry","category-destacadas","category-local","tag-destacadas","tag-local"],"jetpack_featured_media_url":"https:\/\/rnoticias.com.mx\/Portal\/wp-content\/uploads\/2025\/05\/3563.jpg","amp_enabled":true,"_links":{"self":[{"href":"https:\/\/rnoticias.com.mx\/Portal\/wp-json\/wp\/v2\/posts\/220151","targetHints":{"allow":["GET"]}}],"collection":[{"href":"https:\/\/rnoticias.com.mx\/Portal\/wp-json\/wp\/v2\/posts"}],"about":[{"href":"https:\/\/rnoticias.com.mx\/Portal\/wp-json\/wp\/v2\/types\/post"}],"author":[{"embeddable":true,"href":"https:\/\/rnoticias.com.mx\/Portal\/wp-json\/wp\/v2\/users\/2"}],"replies":[{"embeddable":true,"href":"https:\/\/rnoticias.com.mx\/Portal\/wp-json\/wp\/v2\/comments?post=220151"}],"version-history":[{"count":1,"href":"https:\/\/rnoticias.com.mx\/Portal\/wp-json\/wp\/v2\/posts\/220151\/revisions"}],"predecessor-version":[{"id":220153,"href":"https:\/\/rnoticias.com.mx\/Portal\/wp-json\/wp\/v2\/posts\/220151\/revisions\/220153"}],"wp:featuredmedia":[{"embeddable":true,"href":"https:\/\/rnoticias.com.mx\/Portal\/wp-json\/wp\/v2\/media\/220152"}],"wp:attachment":[{"href":"https:\/\/rnoticias.com.mx\/Portal\/wp-json\/wp\/v2\/media?parent=220151"}],"wp:term":[{"taxonomy":"category","embeddable":true,"href":"https:\/\/rnoticias.com.mx\/Portal\/wp-json\/wp\/v2\/categories?post=220151"},{"taxonomy":"post_tag","embeddable":true,"href":"https:\/\/rnoticias.com.mx\/Portal\/wp-json\/wp\/v2\/tags?post=220151"}],"curies":[{"name":"wp","href":"https:\/\/api.w.org\/{rel}","templated":true}]}}