{"id":220145,"date":"2025-05-30T17:51:50","date_gmt":"2025-05-31T00:51:50","guid":{"rendered":"https:\/\/rnoticias.com.mx\/Portal\/?p=220145"},"modified":"2025-05-30T17:51:50","modified_gmt":"2025-05-31T00:51:50","slug":"seleccionan-a-alumno-de-cobach-sonora-para-olimpiada-iberoamericana-de-fisica","status":"publish","type":"post","link":"https:\/\/rnoticias.com.mx\/Portal\/2025\/05\/30\/seleccionan-a-alumno-de-cobach-sonora-para-olimpiada-iberoamericana-de-fisica\/","title":{"rendered":"Seleccionan a alumno de Cobach Sonora para Olimpiada Iberoamericana de F\u00edsica"},"content":{"rendered":"<p>Hermosillo, Sonora; 30 de mayo de 2025.\u2013 Al\u00e1n Flores Alaniz, alumno del Colegio de Bachilleres del Estado de Sonora (Cobach), fue seleccionado para formar parte del equipo que representar\u00e1 a M\u00e9xico en la Olimpiada Iberoamericana de F\u00edsica 2025.<\/p>\n<p>El estudiante del plantel Caborca del Cobach, quien obtuvo medalla de bronce en la Olimpiada Nacional de F\u00edsica 2024, fue convocado para participar con el equipo mexicano en la 29 edici\u00f3n de la Olimpiada Iberoamericana de F\u00edsica, gracias a los resultados obtenidos en los selectivos y al desempe\u00f1o demostrado en entrenamientos previos.<\/p>\n<p>Rodrigo Arturo Rosas Burgos, director general del Cobach, destac\u00f3 que Flores Alaniz obtuvo el segundo lugar en F\u00edsica, adem\u00e1s del primero en Matem\u00e1ticas, en el 54 Concurso Regional de F\u00edsica y Matem\u00e1ticas, organizado por la Universidad de Sonora (Unison), el cual fue realizado para integrar la Preselecci\u00f3n Sonora rumbo a la Olimpiada Nacional de F\u00edsica.<\/p>\n<p>\u201cTe comunico que, de acuerdo con los resultados de los dos selectivos de la Olimpiada y tu desempe\u00f1o en el entrenamiento, has sido seleccionado para formar parte del equipo nacional que representar\u00e1 a nuestro pa\u00eds en la 29 Olimpiada Iberoamericana de F\u00edsica (OIBF) 2025\u201d, inform\u00f3 Rodrigo Pelayo Ramos, coordinador de la Olimpiada de F\u00edsica, a Al\u00e1n Flores a trav\u00e9s de un correo electr\u00f3nico.<\/p>\n<p>Pelayo Ramos mencion\u00f3 en su misiva que a\u00fan est\u00e1 por confirmarse la realizaci\u00f3n, fecha y sede de la Olimpiada Iberoamericana de F\u00edsica, la cual se contempla se lleve a cabo en M\u00e9xico, en la ciudad de Puebla.<\/p>\n","protected":false},"excerpt":{"rendered":"<p>Hermosillo, Sonora; 30 de mayo de 2025.\u2013 Al\u00e1n Flores Alaniz, alumno del Colegio de Bachilleres del Estado de Sonora (Cobach), fue seleccionado para formar parte del equipo que representar\u00e1 a M\u00e9xico en la Olimpiada Iberoamericana de F\u00edsica 2025. El estudiante del plantel Caborca del Cobach, quien obtuvo medalla de bronce en la Olimpiada Nacional de [&hellip;]<\/p>\n","protected":false},"author":2,"featured_media":220146,"comment_status":"closed","ping_status":"closed","sticky":false,"template":"","format":"standard","meta":{"footnotes":""},"categories":[178],"tags":[12869],"class_list":["post-220145","post","type-post","status-publish","format-standard","has-post-thumbnail","hentry","category-local","tag-local"],"jetpack_featured_media_url":"https:\/\/rnoticias.com.mx\/Portal\/wp-content\/uploads\/2025\/05\/unnamed-19-30.jpg","amp_enabled":true,"_links":{"self":[{"href":"https:\/\/rnoticias.com.mx\/Portal\/wp-json\/wp\/v2\/posts\/220145","targetHints":{"allow":["GET"]}}],"collection":[{"href":"https:\/\/rnoticias.com.mx\/Portal\/wp-json\/wp\/v2\/posts"}],"about":[{"href":"https:\/\/rnoticias.com.mx\/Portal\/wp-json\/wp\/v2\/types\/post"}],"author":[{"embeddable":true,"href":"https:\/\/rnoticias.com.mx\/Portal\/wp-json\/wp\/v2\/users\/2"}],"replies":[{"embeddable":true,"href":"https:\/\/rnoticias.com.mx\/Portal\/wp-json\/wp\/v2\/comments?post=220145"}],"version-history":[{"count":1,"href":"https:\/\/rnoticias.com.mx\/Portal\/wp-json\/wp\/v2\/posts\/220145\/revisions"}],"predecessor-version":[{"id":220147,"href":"https:\/\/rnoticias.com.mx\/Portal\/wp-json\/wp\/v2\/posts\/220145\/revisions\/220147"}],"wp:featuredmedia":[{"embeddable":true,"href":"https:\/\/rnoticias.com.mx\/Portal\/wp-json\/wp\/v2\/media\/220146"}],"wp:attachment":[{"href":"https:\/\/rnoticias.com.mx\/Portal\/wp-json\/wp\/v2\/media?parent=220145"}],"wp:term":[{"taxonomy":"category","embeddable":true,"href":"https:\/\/rnoticias.com.mx\/Portal\/wp-json\/wp\/v2\/categories?post=220145"},{"taxonomy":"post_tag","embeddable":true,"href":"https:\/\/rnoticias.com.mx\/Portal\/wp-json\/wp\/v2\/tags?post=220145"}],"curies":[{"name":"wp","href":"https:\/\/api.w.org\/{rel}","templated":true}]}}