{"id":220138,"date":"2025-05-30T17:42:54","date_gmt":"2025-05-31T00:42:54","guid":{"rendered":"https:\/\/rnoticias.com.mx\/Portal\/?p=220138"},"modified":"2025-05-30T17:42:54","modified_gmt":"2025-05-31T00:42:54","slug":"avanza-congreso-de-sonora-en-actualizacion-del-marco-legal-para-la-atencion-a-personas-migrantes-en-la-entidad","status":"publish","type":"post","link":"https:\/\/rnoticias.com.mx\/Portal\/2025\/05\/30\/avanza-congreso-de-sonora-en-actualizacion-del-marco-legal-para-la-atencion-a-personas-migrantes-en-la-entidad\/","title":{"rendered":"Avanza Congreso de Sonora en actualizaci\u00f3n del marco legal para la atenci\u00f3n a personas migrantes en la entidad"},"content":{"rendered":"<p>Hermosillo, Sonora; 30 de mayo de 2025.- Con el prop\u00f3sito de fortalecer la colaboraci\u00f3n interinstitucional y actualizar el marco legal que garantice una atenci\u00f3n integral y efectiva a las personas migrantes en la entidad, la Comisi\u00f3n de Asuntos Internacionales, Fronterizos y Atenci\u00f3n al Migrante sostuvo una reuni\u00f3n de trabajo con autoridades, acad\u00e9micos, investigadores y organizaciones de la sociedad civil.<\/p>\n<p>Acompa\u00f1ado por la diputada Azalia Guevara Espinoza (PVEM) y el diputado Julio C\u00e9sar Navarro Contreras (Morena), el diputado David Figueroa Ortega (PVEM) dio la bienvenida a las y los asistentes, y subray\u00f3 la necesidad de contar con un marco legal moderno y humanista que garantice los derechos de las personas migrantes y fortalezca la coordinaci\u00f3n institucional, con especial atenci\u00f3n a los sectores m\u00e1s vulnerables.<\/p>\n<p>Melissa V\u00e9rtiz, secretaria t\u00e9cnica del Grupo de Trabajo sobre Pol\u00edtica Migratoria, destac\u00f3 la importancia de contar con una norma estatal que respete los derechos humanos y proporcione a las autoridades y a las instituciones responsables las herramientas necesarias para proteger y apoyar a las personas migrantes, con el acompa\u00f1amiento de organizaciones civiles y especialistas en la materia.<\/p>\n<p>Durante la reuni\u00f3n, las y los participantes solicitaron mayor difusi\u00f3n de normativas, como la denominada \u201cLey Mesabanco en Espera\u201d, promovida por el Seminario Ni\u00f1ez Migrante de El Colegio de Sonora, la cual garantiza el acceso a la educaci\u00f3n b\u00e1sica y media superior para ni\u00f1as, ni\u00f1os y adolescentes migrantes, sin importar su nacionalidad.<\/p>\n<p>Asimismo, se present\u00f3 un mapa digital que permite a las personas migrantes y refugiadas localizar de forma r\u00e1pida y sencilla los refugios disponibles desde sus dispositivos m\u00f3viles. Adem\u00e1s, representantes de organizaciones civiles y autoridades manifestaron su inter\u00e9s en participar en la construcci\u00f3n de una legislaci\u00f3n que, mediante el fortalecimiento de la coordinaci\u00f3n interinstitucional, asegure una atenci\u00f3n digna, eficaz y basada en los derechos humanos para las personas migrantes en Sonora.<\/p>\n<p>Para finalizar, se acord\u00f3 mantener un di\u00e1logo permanente que permita crear pol\u00edticas p\u00fablicas efectivas, as\u00ed como continuar con mesas de trabajo conjuntas para desarrollar propuestas legislativas.<\/p>\n","protected":false},"excerpt":{"rendered":"<p>Hermosillo, Sonora; 30 de mayo de 2025.- Con el prop\u00f3sito de fortalecer la colaboraci\u00f3n interinstitucional y actualizar el marco legal que garantice una atenci\u00f3n integral y efectiva a las personas migrantes en la entidad, la Comisi\u00f3n de Asuntos Internacionales, Fronterizos y Atenci\u00f3n al Migrante sostuvo una reuni\u00f3n de trabajo con autoridades, acad\u00e9micos, investigadores y organizaciones [&hellip;]<\/p>\n","protected":false},"author":2,"featured_media":220140,"comment_status":"closed","ping_status":"closed","sticky":false,"template":"","format":"standard","meta":{"footnotes":""},"categories":[12870,12868],"tags":[12865,12879],"class_list":["post-220138","post","type-post","status-publish","format-standard","has-post-thumbnail","hentry","category-destacadas","category-politica","tag-destacadas","tag-politica"],"jetpack_featured_media_url":"https:\/\/rnoticias.com.mx\/Portal\/wp-content\/uploads\/2025\/05\/546578.jpeg","amp_enabled":true,"_links":{"self":[{"href":"https:\/\/rnoticias.com.mx\/Portal\/wp-json\/wp\/v2\/posts\/220138","targetHints":{"allow":["GET"]}}],"collection":[{"href":"https:\/\/rnoticias.com.mx\/Portal\/wp-json\/wp\/v2\/posts"}],"about":[{"href":"https:\/\/rnoticias.com.mx\/Portal\/wp-json\/wp\/v2\/types\/post"}],"author":[{"embeddable":true,"href":"https:\/\/rnoticias.com.mx\/Portal\/wp-json\/wp\/v2\/users\/2"}],"replies":[{"embeddable":true,"href":"https:\/\/rnoticias.com.mx\/Portal\/wp-json\/wp\/v2\/comments?post=220138"}],"version-history":[{"count":1,"href":"https:\/\/rnoticias.com.mx\/Portal\/wp-json\/wp\/v2\/posts\/220138\/revisions"}],"predecessor-version":[{"id":220141,"href":"https:\/\/rnoticias.com.mx\/Portal\/wp-json\/wp\/v2\/posts\/220138\/revisions\/220141"}],"wp:featuredmedia":[{"embeddable":true,"href":"https:\/\/rnoticias.com.mx\/Portal\/wp-json\/wp\/v2\/media\/220140"}],"wp:attachment":[{"href":"https:\/\/rnoticias.com.mx\/Portal\/wp-json\/wp\/v2\/media?parent=220138"}],"wp:term":[{"taxonomy":"category","embeddable":true,"href":"https:\/\/rnoticias.com.mx\/Portal\/wp-json\/wp\/v2\/categories?post=220138"},{"taxonomy":"post_tag","embeddable":true,"href":"https:\/\/rnoticias.com.mx\/Portal\/wp-json\/wp\/v2\/tags?post=220138"}],"curies":[{"name":"wp","href":"https:\/\/api.w.org\/{rel}","templated":true}]}}