{"id":220135,"date":"2025-05-30T17:41:47","date_gmt":"2025-05-31T00:41:47","guid":{"rendered":"https:\/\/rnoticias.com.mx\/Portal\/?p=220135"},"modified":"2025-05-30T17:41:47","modified_gmt":"2025-05-31T00:41:47","slug":"aprueba-comision-del-agua-reforma-para-preservar-la-flora-nativa-y-optimizar-uso-del-recurso-hidrico","status":"publish","type":"post","link":"https:\/\/rnoticias.com.mx\/Portal\/2025\/05\/30\/aprueba-comision-del-agua-reforma-para-preservar-la-flora-nativa-y-optimizar-uso-del-recurso-hidrico\/","title":{"rendered":"Aprueba Comisi\u00f3n del Agua reforma para preservar la flora nativa y optimizar uso del recurso h\u00eddrico"},"content":{"rendered":"<p>Hermosillo, Sonora; 30 de mayo de 2025.- Con el objetivo de establecer medidas que favorezcan el aprovechamiento eficiente del recurso h\u00eddrico en el cultivo, cuidado y preservaci\u00f3n de la flora nativa, la Comisi\u00f3n del Agua del Congreso del Estado aprob\u00f3 una reforma a la Ley del Agua.<\/p>\n<p>El diputado Omar Del Valle Colosio (PVEM) someti\u00f3 a consideraci\u00f3n de la diputada Jazm\u00edn G\u00f3mez Liz\u00e1rraga (PT), as\u00ed como de los legisladores Ferm\u00edn Trujillo Fuentes (NAS), H\u00e9ctor Ra\u00fal Castelo Monta\u00f1o (Morena), Jes\u00fas Mend\u00edvil Valenzuela (Morena), y con la asistencia del diputado Ra\u00fal Gonz\u00e1lez de la Vega, una propuesta que busca establecer que las autoridades municipales deber\u00e1n cultivar exclusivamente flora nativa y priorizar su preservaci\u00f3n en los espacios p\u00fablicos bajo su responsabilidad.<\/p>\n<p>Durante la misma sesi\u00f3n, la diputada y los diputados integrantes de la comisi\u00f3n llevaron a cabo un an\u00e1lisis sobre la situaci\u00f3n actual del agua en la entidad, as\u00ed como de los diferentes programas y estrategias implementados por el Gobierno de M\u00e9xico para hacer frente a la crisis h\u00eddrica que atraviesa la regi\u00f3n.<\/p>\n<p>Finalmente, se acord\u00f3 desechar diversas iniciativas pertenecientes a la legislatura anterior.<\/p>\n","protected":false},"excerpt":{"rendered":"<p>Hermosillo, Sonora; 30 de mayo de 2025.- Con el objetivo de establecer medidas que favorezcan el aprovechamiento eficiente del recurso h\u00eddrico en el cultivo, cuidado y preservaci\u00f3n de la flora nativa, la Comisi\u00f3n del Agua del Congreso del Estado aprob\u00f3 una reforma a la Ley del Agua. El diputado Omar Del Valle Colosio (PVEM) someti\u00f3 [&hellip;]<\/p>\n","protected":false},"author":2,"featured_media":220136,"comment_status":"closed","ping_status":"closed","sticky":false,"template":"","format":"standard","meta":{"footnotes":""},"categories":[12870,12868],"tags":[12865,12879],"class_list":["post-220135","post","type-post","status-publish","format-standard","has-post-thumbnail","hentry","category-destacadas","category-politica","tag-destacadas","tag-politica"],"jetpack_featured_media_url":"https:\/\/rnoticias.com.mx\/Portal\/wp-content\/uploads\/2025\/05\/896.jpeg","amp_enabled":true,"_links":{"self":[{"href":"https:\/\/rnoticias.com.mx\/Portal\/wp-json\/wp\/v2\/posts\/220135","targetHints":{"allow":["GET"]}}],"collection":[{"href":"https:\/\/rnoticias.com.mx\/Portal\/wp-json\/wp\/v2\/posts"}],"about":[{"href":"https:\/\/rnoticias.com.mx\/Portal\/wp-json\/wp\/v2\/types\/post"}],"author":[{"embeddable":true,"href":"https:\/\/rnoticias.com.mx\/Portal\/wp-json\/wp\/v2\/users\/2"}],"replies":[{"embeddable":true,"href":"https:\/\/rnoticias.com.mx\/Portal\/wp-json\/wp\/v2\/comments?post=220135"}],"version-history":[{"count":1,"href":"https:\/\/rnoticias.com.mx\/Portal\/wp-json\/wp\/v2\/posts\/220135\/revisions"}],"predecessor-version":[{"id":220137,"href":"https:\/\/rnoticias.com.mx\/Portal\/wp-json\/wp\/v2\/posts\/220135\/revisions\/220137"}],"wp:featuredmedia":[{"embeddable":true,"href":"https:\/\/rnoticias.com.mx\/Portal\/wp-json\/wp\/v2\/media\/220136"}],"wp:attachment":[{"href":"https:\/\/rnoticias.com.mx\/Portal\/wp-json\/wp\/v2\/media?parent=220135"}],"wp:term":[{"taxonomy":"category","embeddable":true,"href":"https:\/\/rnoticias.com.mx\/Portal\/wp-json\/wp\/v2\/categories?post=220135"},{"taxonomy":"post_tag","embeddable":true,"href":"https:\/\/rnoticias.com.mx\/Portal\/wp-json\/wp\/v2\/tags?post=220135"}],"curies":[{"name":"wp","href":"https:\/\/api.w.org\/{rel}","templated":true}]}}