{"id":220110,"date":"2025-05-30T17:17:50","date_gmt":"2025-05-31T00:17:50","guid":{"rendered":"https:\/\/rnoticias.com.mx\/Portal\/?p=220110"},"modified":"2025-05-30T17:17:50","modified_gmt":"2025-05-31T00:17:50","slug":"reafirma-gobierno-de-sonora-capacitacion-a-operadores-de-transporte-publico","status":"publish","type":"post","link":"https:\/\/rnoticias.com.mx\/Portal\/2025\/05\/30\/reafirma-gobierno-de-sonora-capacitacion-a-operadores-de-transporte-publico\/","title":{"rendered":"Reafirma Gobierno de Sonora capacitaci\u00f3n a operadores de transporte p\u00fablico"},"content":{"rendered":"<p>Hermosillo, Sonora; 30 de mayo de 2025.\u2013 En seguimiento al compromiso de garantizar un traslado seguro, principalmente para mujeres usuarias del transporte p\u00fablico urbano, el Gobierno de Sonora imparte capacitaciones permanentes a operadores del Instituto de Movilidad y Transporte para el Estado de Sonora (IMTES).<\/p>\n<p>Para reforzar los conocimientos necesarios para prevenir y atender situaciones de riesgo que puedan enfrentar las usuarias, la administraci\u00f3n estatal mantiene un adiestramiento constante, tanto presencial como virtual, al personal encargado de operar las unidades de transporte.<\/p>\n<p>La Secretar\u00eda de Seguridad P\u00fablica (SSP), a trav\u00e9s del Sistema de Atenci\u00f3n a la Violencia Familiar y de G\u00e9nero (SALVA), brinda capacitaci\u00f3n sobre los protocolos para atender a personas que se sientan en riesgo, as\u00ed como los pasos a seguir para notificar la situaci\u00f3n a la l\u00ednea de emergencias 9-1-1.<\/p>\n<p>Esta capacitaci\u00f3n forma parte de las acciones contempladas en el convenio firmado entre la SSP Sonora y el IMTES, con el objetivo de colaborar activamente en la estrategia del gobierno estatal para fortalecer la seguridad de las mujeres sonorenses.<\/p>\n<p>Cabe destacar que las instalaciones del Instituto de Movilidad y Transporte para el Estado de Sonora forman parte de las m\u00e1s de tres mil Zonas SALVA distribuidas en 67 municipios de la entidad.<\/p>\n","protected":false},"excerpt":{"rendered":"<p>Hermosillo, Sonora; 30 de mayo de 2025.\u2013 En seguimiento al compromiso de garantizar un traslado seguro, principalmente para mujeres usuarias del transporte p\u00fablico urbano, el Gobierno de Sonora imparte capacitaciones permanentes a operadores del Instituto de Movilidad y Transporte para el Estado de Sonora (IMTES). Para reforzar los conocimientos necesarios para prevenir y atender situaciones [&hellip;]<\/p>\n","protected":false},"author":2,"featured_media":220111,"comment_status":"closed","ping_status":"closed","sticky":false,"template":"","format":"standard","meta":{"footnotes":""},"categories":[12870,178],"tags":[12865,12869],"class_list":["post-220110","post","type-post","status-publish","format-standard","has-post-thumbnail","hentry","category-destacadas","category-local","tag-destacadas","tag-local"],"jetpack_featured_media_url":"https:\/\/rnoticias.com.mx\/Portal\/wp-content\/uploads\/2025\/05\/unnamed-19-29.jpg","amp_enabled":true,"_links":{"self":[{"href":"https:\/\/rnoticias.com.mx\/Portal\/wp-json\/wp\/v2\/posts\/220110","targetHints":{"allow":["GET"]}}],"collection":[{"href":"https:\/\/rnoticias.com.mx\/Portal\/wp-json\/wp\/v2\/posts"}],"about":[{"href":"https:\/\/rnoticias.com.mx\/Portal\/wp-json\/wp\/v2\/types\/post"}],"author":[{"embeddable":true,"href":"https:\/\/rnoticias.com.mx\/Portal\/wp-json\/wp\/v2\/users\/2"}],"replies":[{"embeddable":true,"href":"https:\/\/rnoticias.com.mx\/Portal\/wp-json\/wp\/v2\/comments?post=220110"}],"version-history":[{"count":1,"href":"https:\/\/rnoticias.com.mx\/Portal\/wp-json\/wp\/v2\/posts\/220110\/revisions"}],"predecessor-version":[{"id":220112,"href":"https:\/\/rnoticias.com.mx\/Portal\/wp-json\/wp\/v2\/posts\/220110\/revisions\/220112"}],"wp:featuredmedia":[{"embeddable":true,"href":"https:\/\/rnoticias.com.mx\/Portal\/wp-json\/wp\/v2\/media\/220111"}],"wp:attachment":[{"href":"https:\/\/rnoticias.com.mx\/Portal\/wp-json\/wp\/v2\/media?parent=220110"}],"wp:term":[{"taxonomy":"category","embeddable":true,"href":"https:\/\/rnoticias.com.mx\/Portal\/wp-json\/wp\/v2\/categories?post=220110"},{"taxonomy":"post_tag","embeddable":true,"href":"https:\/\/rnoticias.com.mx\/Portal\/wp-json\/wp\/v2\/tags?post=220110"}],"curies":[{"name":"wp","href":"https:\/\/api.w.org\/{rel}","templated":true}]}}