{"id":220100,"date":"2025-05-30T10:42:49","date_gmt":"2025-05-30T17:42:49","guid":{"rendered":"https:\/\/rnoticias.com.mx\/Portal\/?p=220100"},"modified":"2025-05-30T11:01:35","modified_gmt":"2025-05-30T18:01:35","slug":"el-lunes-2-de-junio-la-poblacion-pensionada-del-imss-recibira-el-pago-de-su-prestacion","status":"publish","type":"post","link":"https:\/\/rnoticias.com.mx\/Portal\/2025\/05\/30\/el-lunes-2-de-junio-la-poblacion-pensionada-del-imss-recibira-el-pago-de-su-prestacion\/","title":{"rendered":"El lunes 2 de junio la poblaci\u00f3n pensionada del IMSS recibir\u00e1 el pago de su prestaci\u00f3n"},"content":{"rendered":"<p>El Instituto Mexicano del Seguro Social (IMSS) informa a su poblaci\u00f3n pensionada que el pago\u00a0de\u00a0la mensualidad de junio estar\u00e1 disponible a partir del lunes\u00a02\u00a0del citado mes; el dep\u00f3sito de\u00a0esta prestaci\u00f3n\u00a0est\u00e1 garantizado.<\/p>\n<p>&nbsp;<\/p>\n<p>Se invita a la poblaci\u00f3n pensionada a consultar el calendario del pago de pensiones 2025\u00a0en la p\u00e1gina\u00a0<a href=\"http:\/\/www.imss.gob.mx\/pensiones\" target=\"_blank\" rel=\"noopener\" data-saferedirecturl=\"https:\/\/www.google.com\/url?q=http:\/\/www.imss.gob.mx\/pensiones&amp;source=gmail&amp;ust=1748658223076000&amp;usg=AOvVaw3WvJVcr-tblBoTnq_KPpAL\">www.imss.gob.mx\/<wbr \/>pensiones<\/a>\u00a0y acceder al banner \u201cConoce el calendario de pago de pensiones 2025\u00a0aqu\u00ed\u201d.<\/p>\n<p>&nbsp;<\/p>\n<p>Ante cualquier duda, la poblaci\u00f3n pensionada o sus familiares pueden comunicarse al tel\u00e9fono\u00a0<a href=\"tel:800%20623%202323\" target=\"_blank\" rel=\"noopener\">800 623 2323<\/a>\u00a0y elegir la opci\u00f3n n\u00famero\u00a03: \u201cPensionados\u201d para ser atendido por un representante de la instituci\u00f3n.<\/p>\n","protected":false},"excerpt":{"rendered":"<p>El Instituto Mexicano del Seguro Social (IMSS) informa a su poblaci\u00f3n pensionada que el pago\u00a0de\u00a0la mensualidad de junio estar\u00e1 disponible a partir del lunes\u00a02\u00a0del citado mes; el dep\u00f3sito de\u00a0esta prestaci\u00f3n\u00a0est\u00e1 garantizado. &nbsp; Se invita a la poblaci\u00f3n pensionada a consultar el calendario del pago de pensiones 2025\u00a0en la p\u00e1gina\u00a0www.imss.gob.mx\/pensiones\u00a0y acceder al banner \u201cConoce el calendario [&hellip;]<\/p>\n","protected":false},"author":2,"featured_media":220101,"comment_status":"closed","ping_status":"closed","sticky":false,"template":"","format":"standard","meta":{"footnotes":""},"categories":[12870,172],"tags":[12865,12874],"class_list":["post-220100","post","type-post","status-publish","format-standard","has-post-thumbnail","hentry","category-destacadas","category-nacional","tag-destacadas","tag-nacional"],"jetpack_featured_media_url":"https:\/\/rnoticias.com.mx\/Portal\/wp-content\/uploads\/2025\/05\/aguinaldo-pensionados-imss-2024-aumento-dias.jpg","amp_enabled":true,"_links":{"self":[{"href":"https:\/\/rnoticias.com.mx\/Portal\/wp-json\/wp\/v2\/posts\/220100","targetHints":{"allow":["GET"]}}],"collection":[{"href":"https:\/\/rnoticias.com.mx\/Portal\/wp-json\/wp\/v2\/posts"}],"about":[{"href":"https:\/\/rnoticias.com.mx\/Portal\/wp-json\/wp\/v2\/types\/post"}],"author":[{"embeddable":true,"href":"https:\/\/rnoticias.com.mx\/Portal\/wp-json\/wp\/v2\/users\/2"}],"replies":[{"embeddable":true,"href":"https:\/\/rnoticias.com.mx\/Portal\/wp-json\/wp\/v2\/comments?post=220100"}],"version-history":[{"count":1,"href":"https:\/\/rnoticias.com.mx\/Portal\/wp-json\/wp\/v2\/posts\/220100\/revisions"}],"predecessor-version":[{"id":220102,"href":"https:\/\/rnoticias.com.mx\/Portal\/wp-json\/wp\/v2\/posts\/220100\/revisions\/220102"}],"wp:featuredmedia":[{"embeddable":true,"href":"https:\/\/rnoticias.com.mx\/Portal\/wp-json\/wp\/v2\/media\/220101"}],"wp:attachment":[{"href":"https:\/\/rnoticias.com.mx\/Portal\/wp-json\/wp\/v2\/media?parent=220100"}],"wp:term":[{"taxonomy":"category","embeddable":true,"href":"https:\/\/rnoticias.com.mx\/Portal\/wp-json\/wp\/v2\/categories?post=220100"},{"taxonomy":"post_tag","embeddable":true,"href":"https:\/\/rnoticias.com.mx\/Portal\/wp-json\/wp\/v2\/tags?post=220100"}],"curies":[{"name":"wp","href":"https:\/\/api.w.org\/{rel}","templated":true}]}}