{"id":220091,"date":"2025-05-30T10:38:50","date_gmt":"2025-05-30T17:38:50","guid":{"rendered":"https:\/\/rnoticias.com.mx\/Portal\/?p=220091"},"modified":"2025-05-30T10:38:50","modified_gmt":"2025-05-30T17:38:50","slug":"no-he-cerrado-mi-carrera-como-me-gustaria-checo-perez-se-sincera-sobre-su-regreso-a-la-f1","status":"publish","type":"post","link":"https:\/\/rnoticias.com.mx\/Portal\/2025\/05\/30\/no-he-cerrado-mi-carrera-como-me-gustaria-checo-perez-se-sincera-sobre-su-regreso-a-la-f1\/","title":{"rendered":"\u201cNo he cerrado mi carrera como me gustar\u00eda\u201d: Checo P\u00e9rez se sincera sobre su regreso a la F1"},"content":{"rendered":"<p>Con el paso de los meses y el\u00a0<strong>aumento de escuder\u00edas en la m\u00e1xima categor\u00eda,<\/strong>\u00a0uno de los rumores m\u00e1s fuertes en el mundo del automovilismo ha sido el posible regreso de<strong>\u00a0Sergio \u201cCheco\u201d P\u00e9rez a la F1.<\/strong><\/p>\n<p>El piloto tapat\u00edo no dud\u00f3 en hablar sobre la situaci\u00f3n. Durante su participaci\u00f3n en el Festival de las Ideas Puebla 2025, dedic\u00f3 un momento de su conferencia para revelar su siguiente paso en el mundo del deporte.<\/p>\n<p>El mexicano, quien sali\u00f3 de\u00a0<strong>Red Bull Racing<\/strong>\u00a0en 2024 tras una temporada complicada con la escuder\u00eda, reiter\u00f3 su deseo de volver al Gran Circo.<\/p>\n<p>\u201c<strong><em>No tengo claro lo que pasar\u00e1. Estoy consciente de que no he cerrado mi carrera como me gustar\u00eda y como lo merecemos. Si regreso, ser\u00e1 a un proyecto importante que nos motive. De encontrarlo, volver\u00e9\u201d<\/em><\/strong>, dijo.<\/p>\n<p>\u201cCheco\u201d P\u00e9rez, quien ha sido vinculado con diferentes equipos, tambi\u00e9n agradeci\u00f3 a los fan\u00e1ticos mexicanos que lo han acompa\u00f1ado a lo largo de su trayectoria.<\/p>\n<p><strong><em>\u201cSiempre tengo palabras de agradecimiento para la afici\u00f3n mexicana por su cari\u00f1o y amor incondicional. Viven todo de una manera incre\u00edble\u201d,<\/em><\/strong> coment\u00f3.<\/p>\n<p>P\u00e9rez, de 35 a\u00f1os, finaliz\u00f3 con un mensaje para los mexicanos, pidiendo que nunca se den por vencidos y sigan luchando para alcanzar sus objetivos.<\/p>\n<p><strong><em>\u201cSiempre hay que salir y buscar la excelencia. Nunca se den por vencidos; ese ser\u00eda el mensaje principal\u201d,<\/em><\/strong>\u00a0apunt\u00f3.<\/p>\n<p>&nbsp;<\/p>\n<p>El Universal<\/p>\n","protected":false},"excerpt":{"rendered":"<p>Con el paso de los meses y el\u00a0aumento de escuder\u00edas en la m\u00e1xima categor\u00eda,\u00a0uno de los rumores m\u00e1s fuertes en el mundo del automovilismo ha sido el posible regreso de\u00a0Sergio \u201cCheco\u201d P\u00e9rez a la F1. El piloto tapat\u00edo no dud\u00f3 en hablar sobre la situaci\u00f3n. Durante su participaci\u00f3n en el Festival de las Ideas Puebla [&hellip;]<\/p>\n","protected":false},"author":2,"featured_media":220092,"comment_status":"closed","ping_status":"closed","sticky":false,"template":"","format":"standard","meta":{"footnotes":""},"categories":[188,12870],"tags":[5231,12865],"class_list":["post-220091","post","type-post","status-publish","format-standard","has-post-thumbnail","hentry","category-deportes","category-destacadas","tag-deportes","tag-destacadas"],"jetpack_featured_media_url":"https:\/\/rnoticias.com.mx\/Portal\/wp-content\/uploads\/2025\/05\/CHECO-PEREZ-700x375-1.jpg","amp_enabled":true,"_links":{"self":[{"href":"https:\/\/rnoticias.com.mx\/Portal\/wp-json\/wp\/v2\/posts\/220091","targetHints":{"allow":["GET"]}}],"collection":[{"href":"https:\/\/rnoticias.com.mx\/Portal\/wp-json\/wp\/v2\/posts"}],"about":[{"href":"https:\/\/rnoticias.com.mx\/Portal\/wp-json\/wp\/v2\/types\/post"}],"author":[{"embeddable":true,"href":"https:\/\/rnoticias.com.mx\/Portal\/wp-json\/wp\/v2\/users\/2"}],"replies":[{"embeddable":true,"href":"https:\/\/rnoticias.com.mx\/Portal\/wp-json\/wp\/v2\/comments?post=220091"}],"version-history":[{"count":1,"href":"https:\/\/rnoticias.com.mx\/Portal\/wp-json\/wp\/v2\/posts\/220091\/revisions"}],"predecessor-version":[{"id":220093,"href":"https:\/\/rnoticias.com.mx\/Portal\/wp-json\/wp\/v2\/posts\/220091\/revisions\/220093"}],"wp:featuredmedia":[{"embeddable":true,"href":"https:\/\/rnoticias.com.mx\/Portal\/wp-json\/wp\/v2\/media\/220092"}],"wp:attachment":[{"href":"https:\/\/rnoticias.com.mx\/Portal\/wp-json\/wp\/v2\/media?parent=220091"}],"wp:term":[{"taxonomy":"category","embeddable":true,"href":"https:\/\/rnoticias.com.mx\/Portal\/wp-json\/wp\/v2\/categories?post=220091"},{"taxonomy":"post_tag","embeddable":true,"href":"https:\/\/rnoticias.com.mx\/Portal\/wp-json\/wp\/v2\/tags?post=220091"}],"curies":[{"name":"wp","href":"https:\/\/api.w.org\/{rel}","templated":true}]}}