{"id":220088,"date":"2025-05-30T10:24:45","date_gmt":"2025-05-30T17:24:45","guid":{"rendered":"https:\/\/rnoticias.com.mx\/Portal\/?p=220088"},"modified":"2025-05-30T10:24:45","modified_gmt":"2025-05-30T17:24:45","slug":"trump-dara-una-rueda-de-prensa-con-musk-hoy-viernes-su-ultimo-dia-en-la-casa-blanca","status":"publish","type":"post","link":"https:\/\/rnoticias.com.mx\/Portal\/2025\/05\/30\/trump-dara-una-rueda-de-prensa-con-musk-hoy-viernes-su-ultimo-dia-en-la-casa-blanca\/","title":{"rendered":"Trump dar\u00e1 una rueda de prensa con Musk hoy viernes, su \u201c\u00faltimo d\u00eda\u201d en la Casa Blanca"},"content":{"rendered":"<p>El presidente estadounidense Donald Trump anunci\u00f3 que dar\u00e1 una rueda de prensa con el magnate Elon Musk para marcar el \u201c\u00faltimo d\u00eda\u201d de este en la Casa Blanca.<\/p>\n<p>\u201cEste ser\u00e1 su \u00faltimo d\u00eda con nosotros, pero no realmente, porque siempre estar\u00e1 con nosotros ayud\u00e1ndonos todo el tiempo. \u00a1Elon es fant\u00e1stico!\u201d, dijo el presidente en su red social, Truth Social.<\/p>\n<p>Trump convoc\u00f3 el evento en el Despacho Oval a las 13.30, horas junto al que ha sido su mayor donante de campa\u00f1a y asesor especial presidencial al frente del Departamento de Eficiencia Gubernamental (DOGE).<\/p>\n<p>El mi\u00e9rcoles, Musk anunci\u00f3 en X su salida del Gobierno de Trump tras varios d\u00edas anticipando que pronto se apartar\u00eda de la pol\u00edtica para centrarse en sus empresas, especialmente la aeroespacial SpaceX.<\/p>\n<p>Musk formaliz\u00f3 su intenci\u00f3n de dejar la direcci\u00f3n del DOGE insistiendo en el car\u00e1cter temporal de su asesor\u00eda y extendiendo una rama de olivo al mandatario, de quien fue un compa\u00f1ero inseparable en los \u00faltimos seis meses.<\/p>\n<p>\u201cAl finalizar mi mandato como Empleado Especial del Gobierno, quiero agradecer al presidente Donald Trump por la oportunidad de reducir el gasto innecesario\u201d, dijo en su mensaje.<\/p>\n<p>No obstante, el d\u00eda anterior, en una entrevista con la cadena de televisi\u00f3n CBS, Musk declar\u00f3 su decepci\u00f3n por el plan fiscal de Trump, y critic\u00f3 que \u201caumenta el d\u00e9ficit presupuestario\u201d y \u201csocava\u201d el trabajo del DOGE.<\/p>\n<p>La Casa Blanca rechaz\u00f3 este jueves las cr\u00edticas de Musk al plan fiscal de Trump, rebatiendo que este vaya a aumentar el d\u00e9ficit presupuestario, al mismo tiempo que agradeci\u00f3 \u201csu servicio\u201d en el DOGE.<\/p>\n","protected":false},"excerpt":{"rendered":"<p>El presidente estadounidense Donald Trump anunci\u00f3 que dar\u00e1 una rueda de prensa con el magnate Elon Musk para marcar el \u201c\u00faltimo d\u00eda\u201d de este en la Casa Blanca. \u201cEste ser\u00e1 su \u00faltimo d\u00eda con nosotros, pero no realmente, porque siempre estar\u00e1 con nosotros ayud\u00e1ndonos todo el tiempo. \u00a1Elon es fant\u00e1stico!\u201d, dijo el presidente en su [&hellip;]<\/p>\n","protected":false},"author":2,"featured_media":220089,"comment_status":"closed","ping_status":"closed","sticky":false,"template":"","format":"standard","meta":{"footnotes":""},"categories":[12870,182],"tags":[12865,12871],"class_list":["post-220088","post","type-post","status-publish","format-standard","has-post-thumbnail","hentry","category-destacadas","category-internacional","tag-destacadas","tag-internacional"],"jetpack_featured_media_url":"https:\/\/rnoticias.com.mx\/Portal\/wp-content\/uploads\/2025\/05\/Musk-y-Trump-1-1068x713-1.jpg","amp_enabled":true,"_links":{"self":[{"href":"https:\/\/rnoticias.com.mx\/Portal\/wp-json\/wp\/v2\/posts\/220088","targetHints":{"allow":["GET"]}}],"collection":[{"href":"https:\/\/rnoticias.com.mx\/Portal\/wp-json\/wp\/v2\/posts"}],"about":[{"href":"https:\/\/rnoticias.com.mx\/Portal\/wp-json\/wp\/v2\/types\/post"}],"author":[{"embeddable":true,"href":"https:\/\/rnoticias.com.mx\/Portal\/wp-json\/wp\/v2\/users\/2"}],"replies":[{"embeddable":true,"href":"https:\/\/rnoticias.com.mx\/Portal\/wp-json\/wp\/v2\/comments?post=220088"}],"version-history":[{"count":1,"href":"https:\/\/rnoticias.com.mx\/Portal\/wp-json\/wp\/v2\/posts\/220088\/revisions"}],"predecessor-version":[{"id":220090,"href":"https:\/\/rnoticias.com.mx\/Portal\/wp-json\/wp\/v2\/posts\/220088\/revisions\/220090"}],"wp:featuredmedia":[{"embeddable":true,"href":"https:\/\/rnoticias.com.mx\/Portal\/wp-json\/wp\/v2\/media\/220089"}],"wp:attachment":[{"href":"https:\/\/rnoticias.com.mx\/Portal\/wp-json\/wp\/v2\/media?parent=220088"}],"wp:term":[{"taxonomy":"category","embeddable":true,"href":"https:\/\/rnoticias.com.mx\/Portal\/wp-json\/wp\/v2\/categories?post=220088"},{"taxonomy":"post_tag","embeddable":true,"href":"https:\/\/rnoticias.com.mx\/Portal\/wp-json\/wp\/v2\/tags?post=220088"}],"curies":[{"name":"wp","href":"https:\/\/api.w.org\/{rel}","templated":true}]}}