{"id":220085,"date":"2025-05-30T10:23:39","date_gmt":"2025-05-30T17:23:39","guid":{"rendered":"https:\/\/rnoticias.com.mx\/Portal\/?p=220085"},"modified":"2025-05-30T10:23:39","modified_gmt":"2025-05-30T17:23:39","slug":"incluiran-en-viactiva-primera-edicion-de-expo-vacaciones","status":"publish","type":"post","link":"https:\/\/rnoticias.com.mx\/Portal\/2025\/05\/30\/incluiran-en-viactiva-primera-edicion-de-expo-vacaciones\/","title":{"rendered":"Incluir\u00e1n en Viactiva primera edici\u00f3n de Expo Vacaciones"},"content":{"rendered":"<div data-olk-copy-source=\"MessageBody\">Este domingo 1 de junio dentro del programa municipal Viactiva se va a incluir por primera ocasi\u00f3n la actividad llamada Expo Vacaciones y la cual coordinar\u00e1 la Asociaci\u00f3n de Tour Operadores en Sonora.<\/div>\n<div aria-hidden=\"true\"><\/div>\n<div>Julio Cesar Rasc\u00f3n Torres, presidente de esa asociaci\u00f3n, se\u00f1al\u00f3 que, en la presentaci\u00f3n de ese programa especial, van a participar m\u00e1s de 70 prestadores de servicios tur\u00edsticos de la localidad.<\/div>\n<div><\/div>\n<div><b>\u201cLos touroperadores, gu\u00edas y anfitriones tur\u00edsticos de la asociaci\u00f3n y otros prestadores de servicios como hoteles, restaurante, rentas de carro de todo el estado, m\u00e1s de 70 prestadores de servicios vamos a estar el domingo en la Plaza Zaragoza desde las seis de la tarde hasta las 10 de la noche\u201d, dijo.<\/b><\/div>\n<div aria-hidden=\"true\"><\/div>\n<div>Precis\u00f3, que los asistentes a ese programa especial, podr\u00e1n adquirir paquetes vacacionales con descuentos del 10, 15 y hasta 20%, as\u00ed como promociones exclusivas para recorrer Sonora de forma segura y confiable.<\/div>\n","protected":false},"excerpt":{"rendered":"<p>Este domingo 1 de junio dentro del programa municipal Viactiva se va a incluir por primera ocasi\u00f3n la actividad llamada Expo Vacaciones y la cual coordinar\u00e1 la Asociaci\u00f3n de Tour Operadores en Sonora. Julio Cesar Rasc\u00f3n Torres, presidente de esa asociaci\u00f3n, se\u00f1al\u00f3 que, en la presentaci\u00f3n de ese programa especial, van a participar m\u00e1s de [&hellip;]<\/p>\n","protected":false},"author":2,"featured_media":220086,"comment_status":"closed","ping_status":"closed","sticky":false,"template":"","format":"standard","meta":{"footnotes":""},"categories":[12870,178],"tags":[12865,12869],"class_list":["post-220085","post","type-post","status-publish","format-standard","has-post-thumbnail","hentry","category-destacadas","category-local","tag-destacadas","tag-local"],"jetpack_featured_media_url":"https:\/\/rnoticias.com.mx\/Portal\/wp-content\/uploads\/2025\/05\/WhatsApp-Image-2025-05-29-at-11.11.53-AM.jpeg","amp_enabled":true,"_links":{"self":[{"href":"https:\/\/rnoticias.com.mx\/Portal\/wp-json\/wp\/v2\/posts\/220085","targetHints":{"allow":["GET"]}}],"collection":[{"href":"https:\/\/rnoticias.com.mx\/Portal\/wp-json\/wp\/v2\/posts"}],"about":[{"href":"https:\/\/rnoticias.com.mx\/Portal\/wp-json\/wp\/v2\/types\/post"}],"author":[{"embeddable":true,"href":"https:\/\/rnoticias.com.mx\/Portal\/wp-json\/wp\/v2\/users\/2"}],"replies":[{"embeddable":true,"href":"https:\/\/rnoticias.com.mx\/Portal\/wp-json\/wp\/v2\/comments?post=220085"}],"version-history":[{"count":1,"href":"https:\/\/rnoticias.com.mx\/Portal\/wp-json\/wp\/v2\/posts\/220085\/revisions"}],"predecessor-version":[{"id":220087,"href":"https:\/\/rnoticias.com.mx\/Portal\/wp-json\/wp\/v2\/posts\/220085\/revisions\/220087"}],"wp:featuredmedia":[{"embeddable":true,"href":"https:\/\/rnoticias.com.mx\/Portal\/wp-json\/wp\/v2\/media\/220086"}],"wp:attachment":[{"href":"https:\/\/rnoticias.com.mx\/Portal\/wp-json\/wp\/v2\/media?parent=220085"}],"wp:term":[{"taxonomy":"category","embeddable":true,"href":"https:\/\/rnoticias.com.mx\/Portal\/wp-json\/wp\/v2\/categories?post=220085"},{"taxonomy":"post_tag","embeddable":true,"href":"https:\/\/rnoticias.com.mx\/Portal\/wp-json\/wp\/v2\/tags?post=220085"}],"curies":[{"name":"wp","href":"https:\/\/api.w.org\/{rel}","templated":true}]}}