{"id":220076,"date":"2025-05-30T10:16:58","date_gmt":"2025-05-30T17:16:58","guid":{"rendered":"https:\/\/rnoticias.com.mx\/Portal\/?p=220076"},"modified":"2025-05-30T10:17:54","modified_gmt":"2025-05-30T17:17:54","slug":"cerrara-registros-para-programa-nacional-la-gran-escapada-fecanaco-sonora","status":"publish","type":"post","link":"https:\/\/rnoticias.com.mx\/Portal\/2025\/05\/30\/cerrara-registros-para-programa-nacional-la-gran-escapada-fecanaco-sonora\/","title":{"rendered":"Listo estado de Sonora para participar en programa nacional \u201cLa Gran Escapada\u201d: Fecanaco-Canacope"},"content":{"rendered":"<div data-olk-copy-source=\"MessageBody\">Este 29 de mayo se cerr\u00f3 el registr\u00f3 en la plataforma para participar en la primera edici\u00f3n del programa nacional \u201cLa Gran Escapada, el Buen Fin del Turismo\u201d, inform\u00f3 Martin Zalazar Zazueta.<\/div>\n<div aria-hidden=\"true\"><\/div>\n<div>El presidente en Sonora de Fecanaco y de Canacope Hermosillo, dio a conocer que a nivel nacional se estima que unas seis mil empresas se registraron en la p\u00e1gina web:\u00a0<a id=\"LPlnkOWAb16f797a-bd52-2fbd-fa07-33836910e4ca\" title=\"http:\/\/www.lagranescapada.com.mx\" href=\"http:\/\/www.lagranescapada.com.mx\/\" target=\"_blank\" rel=\"noopener noreferrer\" data-auth=\"NotApplicable\" data-linkindex=\"0\">www.lagranescapada.com.mx<\/a>\u00a0y las cuales estar\u00e1n ofreciendo una gran cantidad de ofertas y descuentos del 30 de mayo al 1 de junio del presente a\u00f1o.<\/div>\n<div><\/div>\n<div><b>\u201cSeguimos con la Gran Escapada, invitando a todos los prestadores de servicios, hoteleros, todo lo que tenga que ver con turismo, hoy es el \u00faltimo d\u00eda para su registro. Ya ma\u00f1ana podr\u00e1n entrar a la plataforma para buscar paquetes y recordarles que es el Buen Fin del Turismo\u201d, enfatiz\u00f3.<\/b><\/div>\n<div aria-hidden=\"true\"><\/div>\n<div>Agreg\u00f3, que este primer evento en su tipo prev\u00e9 generar una derrama econ\u00f3mica a nivel nacional de no menos de 40 mil millones de pesos.<\/div>\n","protected":false},"excerpt":{"rendered":"<p>Este 29 de mayo se cerr\u00f3 el registr\u00f3 en la plataforma para participar en la primera edici\u00f3n del programa nacional \u201cLa Gran Escapada, el Buen Fin del Turismo\u201d, inform\u00f3 Martin Zalazar Zazueta. El presidente en Sonora de Fecanaco y de Canacope Hermosillo, dio a conocer que a nivel nacional se estima que unas seis mil [&hellip;]<\/p>\n","protected":false},"author":2,"featured_media":220077,"comment_status":"closed","ping_status":"closed","sticky":false,"template":"","format":"standard","meta":{"footnotes":""},"categories":[12870,178],"tags":[12865,12869],"class_list":["post-220076","post","type-post","status-publish","format-standard","has-post-thumbnail","hentry","category-destacadas","category-local","tag-destacadas","tag-local"],"jetpack_featured_media_url":"https:\/\/rnoticias.com.mx\/Portal\/wp-content\/uploads\/2025\/05\/WhatsApp-Image-2025-05-29-at-11.11.00-AM.jpeg","amp_enabled":true,"_links":{"self":[{"href":"https:\/\/rnoticias.com.mx\/Portal\/wp-json\/wp\/v2\/posts\/220076","targetHints":{"allow":["GET"]}}],"collection":[{"href":"https:\/\/rnoticias.com.mx\/Portal\/wp-json\/wp\/v2\/posts"}],"about":[{"href":"https:\/\/rnoticias.com.mx\/Portal\/wp-json\/wp\/v2\/types\/post"}],"author":[{"embeddable":true,"href":"https:\/\/rnoticias.com.mx\/Portal\/wp-json\/wp\/v2\/users\/2"}],"replies":[{"embeddable":true,"href":"https:\/\/rnoticias.com.mx\/Portal\/wp-json\/wp\/v2\/comments?post=220076"}],"version-history":[{"count":2,"href":"https:\/\/rnoticias.com.mx\/Portal\/wp-json\/wp\/v2\/posts\/220076\/revisions"}],"predecessor-version":[{"id":220080,"href":"https:\/\/rnoticias.com.mx\/Portal\/wp-json\/wp\/v2\/posts\/220076\/revisions\/220080"}],"wp:featuredmedia":[{"embeddable":true,"href":"https:\/\/rnoticias.com.mx\/Portal\/wp-json\/wp\/v2\/media\/220077"}],"wp:attachment":[{"href":"https:\/\/rnoticias.com.mx\/Portal\/wp-json\/wp\/v2\/media?parent=220076"}],"wp:term":[{"taxonomy":"category","embeddable":true,"href":"https:\/\/rnoticias.com.mx\/Portal\/wp-json\/wp\/v2\/categories?post=220076"},{"taxonomy":"post_tag","embeddable":true,"href":"https:\/\/rnoticias.com.mx\/Portal\/wp-json\/wp\/v2\/tags?post=220076"}],"curies":[{"name":"wp","href":"https:\/\/api.w.org\/{rel}","templated":true}]}}